{"id":11651,"date":"2024-05-31T22:22:14","date_gmt":"2024-05-31T21:22:14","guid":{"rendered":"https:\/\/partidochega.pt\/?p=11651"},"modified":"2024-05-31T22:22:14","modified_gmt":"2024-05-31T21:22:14","slug":"humilhacao-publica-de-vereador-da-camara-da-figueira-da-foz","status":"publish","type":"post","link":"https:\/\/partidochega.pt\/index.php\/2024\/05\/31\/humilhacao-publica-de-vereador-da-camara-da-figueira-da-foz\/","title":{"rendered":"Humilha\u00e7\u00e3o p\u00fablica de Vereador da C\u00e2mara da Figueira da Foz"},"content":{"rendered":"<p>O Grupo de Trabalho Concelhio Chega Figueira da Foz, considera que face ao transmitido pelo Senhor presidente da c\u00e2mara municipal na sua p\u00e1gina pessoal do Facebook(https:\/\/www.facebook.com\/share\/p\/jGco9nAt274P6KtT\/) e ap\u00f3s o comunicado da autarquia(https:\/\/www.facebook.com\/share\/p\/tajX17oMHgro75XP\/) que :<br \/>\nEstamos perante a humilha\u00e7\u00e3o p\u00fablica do vereador titular com o pelouro.<br \/>\nPerante os comunicados s\u00f3 podemos considerar que o mesmo foi retratado pelo senhor presidente como mentiroso e incompetente.<br \/>\nDaqui em diante se ficar em fun\u00e7\u00f5es, o que n\u00e3o imaginamos ser poss\u00edvel os pelouros que lhe est\u00e3o atribu\u00eddos, como o desporto, recursos humanos e outros ficam sob suspeita de serem mal geridos.<br \/>\nAssim n\u00e3o resta outra alternativa que n\u00e3o seja a exig\u00eancia da natural consequ\u00eancia pol\u00edtica que uma ac\u00e7\u00e3o destas merece, a demiss\u00e3o do senhor vereador respons\u00e1vel por este assunto.<br \/>\nEste grupo de trabalho finaliza perguntando por onde andam o partido socialista e O PSD da Figueira da Foz que nada dizem sobre esta e outras mat\u00e9rias.<br \/>\nCom certeza devem andar entretidos com a campanha para as europeias, mas os Figueirenses sabem que podem contar connosco naquilo que consideramos ser os seus superiores interesses.<\/p>\n","protected":false},"excerpt":{"rendered":"<p>O Grupo de Trabalho Concelhio Chega Figueira da Foz, considera que face ao transmitido pelo Senhor presidente da c\u00e2mara municipal na sua p\u00e1gina pessoal do Facebook(https:\/\/www.facebook.com\/share\/p\/jGco9nAt274P6KtT\/) e ap\u00f3s o comunicado da autarquia(https:\/\/www.facebook.com\/share\/p\/tajX17oMHgro75XP\/) que : Estamos perante a humilha\u00e7\u00e3o p\u00fablica do vereador titular com o pelouro. Perante os comunicados s\u00f3 podemos considerar que o mesmo foi &hellip; <\/p>\n<p class=\"link-more\"><a href=\"https:\/\/partidochega.pt\/index.php\/2024\/05\/31\/humilhacao-publica-de-vereador-da-camara-da-figueira-da-foz\/\" class=\"more-link\">Continuar a ler <span class=\"screen-reader-text\">&#8220;Humilha\u00e7\u00e3o p\u00fablica de Vereador da C\u00e2mara da Figueira da Foz&#8221;<\/span><\/a><\/p>\n","protected":false},"author":3,"featured_media":11652,"comment_status":"open","ping_status":"open","sticky":false,"template":"","format":"standard","meta":{"footnotes":""},"categories":[28],"tags":[],"class_list":["post-11651","post","type-post","status-publish","format-standard","has-post-thumbnail","hentry","category-distrital-de-coimbra"],"yoast_head":"<!-- This site is optimized with the Yoast SEO plugin v21.5 - https:\/\/yoast.com\/wordpress\/plugins\/seo\/ -->\n<title>Humilha\u00e7\u00e3o p\u00fablica de Vereador da C\u00e2mara da Figueira da Foz - CHEGA Distrital de Coimbra<\/title>\n<meta name=\"robots\" content=\"index, follow, max-snippet:-1, max-image-preview:large, max-video-preview:-1\" \/>\n<link rel=\"canonical\" href=\"https:\/\/partidochega.pt\/index.php\/2024\/05\/31\/humilhacao-publica-de-vereador-da-camara-da-figueira-da-foz\/\" \/>\n<meta property=\"og:locale\" content=\"pt_PT\" \/>\n<meta property=\"og:type\" content=\"article\" \/>\n<meta property=\"og:title\" content=\"Humilha\u00e7\u00e3o p\u00fablica de Vereador da C\u00e2mara da Figueira da Foz - CHEGA Distrital de Coimbra\" \/>\n<meta property=\"og:description\" content=\"O Grupo de Trabalho Concelhio Chega Figueira da Foz, considera que face ao transmitido pelo Senhor presidente da c\u00e2mara municipal na sua p\u00e1gina pessoal do Facebook(https:\/\/www.facebook.com\/share\/p\/jGco9nAt274P6KtT\/) e ap\u00f3s o comunicado da autarquia(https:\/\/www.facebook.com\/share\/p\/tajX17oMHgro75XP\/) que : Estamos perante a humilha\u00e7\u00e3o p\u00fablica do vereador titular com o pelouro. Perante os comunicados s\u00f3 podemos considerar que o mesmo foi &hellip; Continuar a ler &quot;Humilha\u00e7\u00e3o p\u00fablica de Vereador da C\u00e2mara da Figueira da Foz&quot;\" \/>\n<meta property=\"og:url\" content=\"https:\/\/partidochega.pt\/index.php\/2024\/05\/31\/humilhacao-publica-de-vereador-da-camara-da-figueira-da-foz\/\" \/>\n<meta property=\"og:site_name\" content=\"CHEGA\" \/>\n<meta property=\"article:publisher\" content=\"https:\/\/www.facebook.com\/PartidoChegaOficial\/\" \/>\n<meta property=\"article:published_time\" content=\"2024-05-31T21:22:14+00:00\" \/>\n<meta property=\"og:image\" content=\"https:\/\/partidochega.pt\/wp-content\/uploads\/2024\/05\/1a62c836-1847-4028-83a5-7d0bfe68a501.jpg\" \/>\n\t<meta property=\"og:image:width\" content=\"543\" \/>\n\t<meta property=\"og:image:height\" content=\"265\" \/>\n\t<meta property=\"og:image:type\" content=\"image\/jpeg\" \/>\n<meta name=\"author\" content=\"Tome\" \/>\n<meta name=\"twitter:card\" content=\"summary_large_image\" \/>\n<meta name=\"twitter:creator\" content=\"@PartidoCHEGA\" \/>\n<meta name=\"twitter:site\" content=\"@PartidoCHEGA\" \/>\n<meta name=\"twitter:label1\" content=\"Escrito por\" \/>\n\t<meta name=\"twitter:data1\" content=\"Tome\" \/>\n\t<meta name=\"twitter:label2\" content=\"Tempo estimado de leitura\" \/>\n\t<meta name=\"twitter:data2\" content=\"1 minuto\" \/>\n<script type=\"application\/ld+json\" class=\"yoast-schema-graph\">{\"@context\":\"https:\/\/schema.org\",\"@graph\":[{\"@type\":\"Article\",\"@id\":\"https:\/\/partidochega.pt\/index.php\/2024\/05\/31\/humilhacao-publica-de-vereador-da-camara-da-figueira-da-foz\/#article\",\"isPartOf\":{\"@id\":\"https:\/\/partidochega.pt\/index.php\/2024\/05\/31\/humilhacao-publica-de-vereador-da-camara-da-figueira-da-foz\/\"},\"author\":{\"name\":\"Tome\",\"@id\":\"https:\/\/partidochega.pt\/#\/schema\/person\/6d71d9993ec0d15ee5fd693553d8868f\"},\"headline\":\"Humilha\u00e7\u00e3o p\u00fablica de Vereador da C\u00e2mara da Figueira da Foz\",\"datePublished\":\"2024-05-31T21:22:14+00:00\",\"dateModified\":\"2024-05-31T21:22:14+00:00\",\"mainEntityOfPage\":{\"@id\":\"https:\/\/partidochega.pt\/index.php\/2024\/05\/31\/humilhacao-publica-de-vereador-da-camara-da-figueira-da-foz\/\"},\"wordCount\":228,\"commentCount\":0,\"publisher\":{\"@id\":\"https:\/\/partidochega.pt\/#organization\"},\"articleSection\":[\"Distrital de Coimbra\"],\"inLanguage\":\"pt-PT\",\"potentialAction\":[{\"@type\":\"CommentAction\",\"name\":\"Comment\",\"target\":[\"https:\/\/partidochega.pt\/index.php\/2024\/05\/31\/humilhacao-publica-de-vereador-da-camara-da-figueira-da-foz\/#respond\"]}]},{\"@type\":\"WebPage\",\"@id\":\"https:\/\/partidochega.pt\/index.php\/2024\/05\/31\/humilhacao-publica-de-vereador-da-camara-da-figueira-da-foz\/\",\"url\":\"https:\/\/partidochega.pt\/index.php\/2024\/05\/31\/humilhacao-publica-de-vereador-da-camara-da-figueira-da-foz\/\",\"name\":\"Humilha\u00e7\u00e3o p\u00fablica de Vereador da C\u00e2mara da Figueira da Foz - CHEGA Distrital de Coimbra\",\"isPartOf\":{\"@id\":\"https:\/\/partidochega.pt\/#website\"},\"datePublished\":\"2024-05-31T21:22:14+00:00\",\"dateModified\":\"2024-05-31T21:22:14+00:00\",\"breadcrumb\":{\"@id\":\"https:\/\/partidochega.pt\/index.php\/2024\/05\/31\/humilhacao-publica-de-vereador-da-camara-da-figueira-da-foz\/#breadcrumb\"},\"inLanguage\":\"pt-PT\",\"potentialAction\":[{\"@type\":\"ReadAction\",\"target\":[\"https:\/\/partidochega.pt\/index.php\/2024\/05\/31\/humilhacao-publica-de-vereador-da-camara-da-figueira-da-foz\/\"]}]},{\"@type\":\"BreadcrumbList\",\"@id\":\"https:\/\/partidochega.pt\/index.php\/2024\/05\/31\/humilhacao-publica-de-vereador-da-camara-da-figueira-da-foz\/#breadcrumb\",\"itemListElement\":[{\"@type\":\"ListItem\",\"position\":1,\"name\":\"In\u00edcio\",\"item\":\"https:\/\/partidochega.pt\/\"},{\"@type\":\"ListItem\",\"position\":2,\"name\":\"Humilha\u00e7\u00e3o p\u00fablica de Vereador da C\u00e2mara da Figueira da Foz\"}]},{\"@type\":\"WebSite\",\"@id\":\"https:\/\/partidochega.pt\/#website\",\"url\":\"https:\/\/partidochega.pt\/\",\"name\":\"CHEGA\",\"description\":\"Partido Pol\u00edtico\",\"publisher\":{\"@id\":\"https:\/\/partidochega.pt\/#organization\"},\"potentialAction\":[{\"@type\":\"SearchAction\",\"target\":{\"@type\":\"EntryPoint\",\"urlTemplate\":\"https:\/\/partidochega.pt\/?s={search_term_string}\"},\"query-input\":\"required name=search_term_string\"}],\"inLanguage\":\"pt-PT\"},{\"@type\":\"Organization\",\"@id\":\"https:\/\/partidochega.pt\/#organization\",\"name\":\"Partido CHEGA\",\"url\":\"https:\/\/partidochega.pt\/\",\"logo\":{\"@type\":\"ImageObject\",\"inLanguage\":\"pt-PT\",\"@id\":\"https:\/\/partidochega.pt\/#\/schema\/logo\/image\/\",\"url\":\"https:\/\/partidochega.pt\/wp-content\/uploads\/2022\/05\/cropped-logo_chega.png\",\"contentUrl\":\"https:\/\/partidochega.pt\/wp-content\/uploads\/2022\/05\/cropped-logo_chega.png\",\"width\":512,\"height\":512,\"caption\":\"Partido CHEGA\"},\"image\":{\"@id\":\"https:\/\/partidochega.pt\/#\/schema\/logo\/image\/\"},\"sameAs\":[\"https:\/\/www.facebook.com\/PartidoChegaOficial\/\",\"https:\/\/twitter.com\/PartidoCHEGA\",\"https:\/\/www.youtube.com\/c\/CHEGATV\",\"https:\/\/www.instagram.com\/partidochega\/\",\"https:\/\/t.me\/PartidoCHEGA\"]},{\"@type\":\"Person\",\"@id\":\"https:\/\/partidochega.pt\/#\/schema\/person\/6d71d9993ec0d15ee5fd693553d8868f\",\"name\":\"Tome\",\"image\":{\"@type\":\"ImageObject\",\"inLanguage\":\"pt-PT\",\"@id\":\"https:\/\/partidochega.pt\/#\/schema\/person\/image\/\",\"url\":\"https:\/\/secure.gravatar.com\/avatar\/c1b5c868d06e723eb2b9b8b1c297dfb462d1035c7210315425bae370aa3bcc1a?s=96&d=mm&r=g\",\"contentUrl\":\"https:\/\/secure.gravatar.com\/avatar\/c1b5c868d06e723eb2b9b8b1c297dfb462d1035c7210315425bae370aa3bcc1a?s=96&d=mm&r=g\",\"caption\":\"Tome\"}}]}<\/script>\n<!-- \/ Yoast SEO plugin. -->","yoast_head_json":{"title":"Humilha\u00e7\u00e3o p\u00fablica de Vereador da C\u00e2mara da Figueira da Foz - CHEGA Distrital de Coimbra","robots":{"index":"index","follow":"follow","max-snippet":"max-snippet:-1","max-image-preview":"max-image-preview:large","max-video-preview":"max-video-preview:-1"},"canonical":"https:\/\/partidochega.pt\/index.php\/2024\/05\/31\/humilhacao-publica-de-vereador-da-camara-da-figueira-da-foz\/","og_locale":"pt_PT","og_type":"article","og_title":"Humilha\u00e7\u00e3o p\u00fablica de Vereador da C\u00e2mara da Figueira da Foz - CHEGA Distrital de Coimbra","og_description":"O Grupo de Trabalho Concelhio Chega Figueira da Foz, considera que face ao transmitido pelo Senhor presidente da c\u00e2mara municipal na sua p\u00e1gina pessoal do Facebook(https:\/\/www.facebook.com\/share\/p\/jGco9nAt274P6KtT\/) e ap\u00f3s o comunicado da autarquia(https:\/\/www.facebook.com\/share\/p\/tajX17oMHgro75XP\/) que : Estamos perante a humilha\u00e7\u00e3o p\u00fablica do vereador titular com o pelouro. Perante os comunicados s\u00f3 podemos considerar que o mesmo foi &hellip; Continuar a ler \"Humilha\u00e7\u00e3o p\u00fablica de Vereador da C\u00e2mara da Figueira da Foz\"","og_url":"https:\/\/partidochega.pt\/index.php\/2024\/05\/31\/humilhacao-publica-de-vereador-da-camara-da-figueira-da-foz\/","og_site_name":"CHEGA","article_publisher":"https:\/\/www.facebook.com\/PartidoChegaOficial\/","article_published_time":"2024-05-31T21:22:14+00:00","og_image":[{"width":543,"height":265,"url":"https:\/\/partidochega.pt\/wp-content\/uploads\/2024\/05\/1a62c836-1847-4028-83a5-7d0bfe68a501.jpg","type":"image\/jpeg"}],"author":"Tome","twitter_card":"summary_large_image","twitter_creator":"@PartidoCHEGA","twitter_site":"@PartidoCHEGA","twitter_misc":{"Escrito por":"Tome","Tempo estimado de leitura":"1 minuto"},"schema":{"@context":"https:\/\/schema.org","@graph":[{"@type":"Article","@id":"https:\/\/partidochega.pt\/index.php\/2024\/05\/31\/humilhacao-publica-de-vereador-da-camara-da-figueira-da-foz\/#article","isPartOf":{"@id":"https:\/\/partidochega.pt\/index.php\/2024\/05\/31\/humilhacao-publica-de-vereador-da-camara-da-figueira-da-foz\/"},"author":{"name":"Tome","@id":"https:\/\/partidochega.pt\/#\/schema\/person\/6d71d9993ec0d15ee5fd693553d8868f"},"headline":"Humilha\u00e7\u00e3o p\u00fablica de Vereador da C\u00e2mara da Figueira da Foz","datePublished":"2024-05-31T21:22:14+00:00","dateModified":"2024-05-31T21:22:14+00:00","mainEntityOfPage":{"@id":"https:\/\/partidochega.pt\/index.php\/2024\/05\/31\/humilhacao-publica-de-vereador-da-camara-da-figueira-da-foz\/"},"wordCount":228,"commentCount":0,"publisher":{"@id":"https:\/\/partidochega.pt\/#organization"},"articleSection":["Distrital de Coimbra"],"inLanguage":"pt-PT","potentialAction":[{"@type":"CommentAction","name":"Comment","target":["https:\/\/partidochega.pt\/index.php\/2024\/05\/31\/humilhacao-publica-de-vereador-da-camara-da-figueira-da-foz\/#respond"]}]},{"@type":"WebPage","@id":"https:\/\/partidochega.pt\/index.php\/2024\/05\/31\/humilhacao-publica-de-vereador-da-camara-da-figueira-da-foz\/","url":"https:\/\/partidochega.pt\/index.php\/2024\/05\/31\/humilhacao-publica-de-vereador-da-camara-da-figueira-da-foz\/","name":"Humilha\u00e7\u00e3o p\u00fablica de Vereador da C\u00e2mara da Figueira da Foz - CHEGA Distrital de Coimbra","isPartOf":{"@id":"https:\/\/partidochega.pt\/#website"},"datePublished":"2024-05-31T21:22:14+00:00","dateModified":"2024-05-31T21:22:14+00:00","breadcrumb":{"@id":"https:\/\/partidochega.pt\/index.php\/2024\/05\/31\/humilhacao-publica-de-vereador-da-camara-da-figueira-da-foz\/#breadcrumb"},"inLanguage":"pt-PT","potentialAction":[{"@type":"ReadAction","target":["https:\/\/partidochega.pt\/index.php\/2024\/05\/31\/humilhacao-publica-de-vereador-da-camara-da-figueira-da-foz\/"]}]},{"@type":"BreadcrumbList","@id":"https:\/\/partidochega.pt\/index.php\/2024\/05\/31\/humilhacao-publica-de-vereador-da-camara-da-figueira-da-foz\/#breadcrumb","itemListElement":[{"@type":"ListItem","position":1,"name":"In\u00edcio","item":"https:\/\/partidochega.pt\/"},{"@type":"ListItem","position":2,"name":"Humilha\u00e7\u00e3o p\u00fablica de Vereador da C\u00e2mara da Figueira da Foz"}]},{"@type":"WebSite","@id":"https:\/\/partidochega.pt\/#website","url":"https:\/\/partidochega.pt\/","name":"CHEGA","description":"Partido Pol\u00edtico","publisher":{"@id":"https:\/\/partidochega.pt\/#organization"},"potentialAction":[{"@type":"SearchAction","target":{"@type":"EntryPoint","urlTemplate":"https:\/\/partidochega.pt\/?s={search_term_string}"},"query-input":"required name=search_term_string"}],"inLanguage":"pt-PT"},{"@type":"Organization","@id":"https:\/\/partidochega.pt\/#organization","name":"Partido CHEGA","url":"https:\/\/partidochega.pt\/","logo":{"@type":"ImageObject","inLanguage":"pt-PT","@id":"https:\/\/partidochega.pt\/#\/schema\/logo\/image\/","url":"https:\/\/partidochega.pt\/wp-content\/uploads\/2022\/05\/cropped-logo_chega.png","contentUrl":"https:\/\/partidochega.pt\/wp-content\/uploads\/2022\/05\/cropped-logo_chega.png","width":512,"height":512,"caption":"Partido CHEGA"},"image":{"@id":"https:\/\/partidochega.pt\/#\/schema\/logo\/image\/"},"sameAs":["https:\/\/www.facebook.com\/PartidoChegaOficial\/","https:\/\/twitter.com\/PartidoCHEGA","https:\/\/www.youtube.com\/c\/CHEGATV","https:\/\/www.instagram.com\/partidochega\/","https:\/\/t.me\/PartidoCHEGA"]},{"@type":"Person","@id":"https:\/\/partidochega.pt\/#\/schema\/person\/6d71d9993ec0d15ee5fd693553d8868f","name":"Tome","image":{"@type":"ImageObject","inLanguage":"pt-PT","@id":"https:\/\/partidochega.pt\/#\/schema\/person\/image\/","url":"https:\/\/secure.gravatar.com\/avatar\/c1b5c868d06e723eb2b9b8b1c297dfb462d1035c7210315425bae370aa3bcc1a?s=96&d=mm&r=g","contentUrl":"https:\/\/secure.gravatar.com\/avatar\/c1b5c868d06e723eb2b9b8b1c297dfb462d1035c7210315425bae370aa3bcc1a?s=96&d=mm&r=g","caption":"Tome"}}]}},"_links":{"self":[{"href":"https:\/\/partidochega.pt\/index.php\/wp-json\/wp\/v2\/posts\/11651","targetHints":{"allow":["GET"]}}],"collection":[{"href":"https:\/\/partidochega.pt\/index.php\/wp-json\/wp\/v2\/posts"}],"about":[{"href":"https:\/\/partidochega.pt\/index.php\/wp-json\/wp\/v2\/types\/post"}],"author":[{"embeddable":true,"href":"https:\/\/partidochega.pt\/index.php\/wp-json\/wp\/v2\/users\/3"}],"replies":[{"embeddable":true,"href":"https:\/\/partidochega.pt\/index.php\/wp-json\/wp\/v2\/comments?post=11651"}],"version-history":[{"count":1,"href":"https:\/\/partidochega.pt\/index.php\/wp-json\/wp\/v2\/posts\/11651\/revisions"}],"predecessor-version":[{"id":11653,"href":"https:\/\/partidochega.pt\/index.php\/wp-json\/wp\/v2\/posts\/11651\/revisions\/11653"}],"wp:featuredmedia":[{"embeddable":true,"href":"https:\/\/partidochega.pt\/index.php\/wp-json\/wp\/v2\/media\/11652"}],"wp:attachment":[{"href":"https:\/\/partidochega.pt\/index.php\/wp-json\/wp\/v2\/media?parent=11651"}],"wp:term":[{"taxonomy":"category","embeddable":true,"href":"https:\/\/partidochega.pt\/index.php\/wp-json\/wp\/v2\/categories?post=11651"},{"taxonomy":"post_tag","embeddable":true,"href":"https:\/\/partidochega.pt\/index.php\/wp-json\/wp\/v2\/tags?post=11651"}],"curies":[{"name":"wp","href":"https:\/\/api.w.org\/{rel}","templated":true}]}}