{"id":11865,"date":"2024-06-18T17:24:16","date_gmt":"2024-06-18T16:24:16","guid":{"rendered":"https:\/\/partidochega.pt\/?p=11865"},"modified":"2024-06-20T17:26:28","modified_gmt":"2024-06-20T16:26:28","slug":"chega-indica-andre-ventura-para-o-conselho-de-estado","status":"publish","type":"post","link":"https:\/\/partidochega.pt\/index.php\/2024\/06\/18\/chega-indica-andre-ventura-para-o-conselho-de-estado\/","title":{"rendered":"CHEGA indica Andr\u00e9 Ventura para o Conselho de Estado"},"content":{"rendered":"<p>O CHEGA vai propor o seu presidente, Andr\u00e9 Ventura, para integrar os lugares do parlamento no Conselho de Estado, disse \u00e0 Lusa fonte oficial do partido.<\/p>\n<p class=\"text-paragraph\">As elei\u00e7\u00f5es para os cinco membros a indicar pela Assembleia da Rep\u00fablica para o Conselho de Estado, \u00f3rg\u00e3o de consulta pol\u00edtica do Presidente da Rep\u00fablica, est\u00e3o marcadas para quarta-feira no parlamento, sendo o apuramento\u00a0por m\u00e9todo de Hondt.<\/p>\n<p class=\"text-paragraph\">De acordo com a mesma fonte do CHEGA, ser\u00e1 apresentada uma lista \u00fanica.<\/p>\n<p class=\"text-paragraph\">Dever\u00e3o ser escolhidos dois nomes do PS, dois indicados pelo Grupo Parlamentar do PSD e um pelo CHEGA.<\/p>\n<p>Fonte: <a href=\"https:\/\/folhanacional.pt\/2024\/06\/18\/chega-indica-andre-ventura-para-o-conselho-de-estado\/\" target=\"_blank\" rel=\"noopener\">Folha Nacional<\/a><\/p>\n","protected":false},"excerpt":{"rendered":"<p>O CHEGA vai propor o seu presidente, Andr\u00e9 Ventura, para integrar os lugares do parlamento no Conselho de Estado, disse \u00e0 Lusa fonte oficial do partido. As elei\u00e7\u00f5es para os cinco membros a indicar pela Assembleia da Rep\u00fablica para o Conselho de Estado, \u00f3rg\u00e3o de consulta pol\u00edtica do Presidente da Rep\u00fablica, est\u00e3o marcadas para quarta-feira &hellip; <\/p>\n<p class=\"link-more\"><a href=\"https:\/\/partidochega.pt\/index.php\/2024\/06\/18\/chega-indica-andre-ventura-para-o-conselho-de-estado\/\" class=\"more-link\">Continuar a ler <span class=\"screen-reader-text\">&#8220;CHEGA indica Andr\u00e9 Ventura para o Conselho de Estado&#8221;<\/span><\/a><\/p>\n","protected":false},"author":3,"featured_media":11866,"comment_status":"open","ping_status":"open","sticky":false,"template":"","format":"standard","meta":{"footnotes":""},"categories":[22],"tags":[],"class_list":["post-11865","post","type-post","status-publish","format-standard","has-post-thumbnail","hentry","category-chega-nos-media"],"yoast_head":"<!-- This site is optimized with the Yoast SEO plugin v21.5 - https:\/\/yoast.com\/wordpress\/plugins\/seo\/ -->\n<title>CHEGA indica Andr\u00e9 Ventura para o Conselho de Estado - CHEGA<\/title>\n<meta name=\"robots\" content=\"index, follow, max-snippet:-1, max-image-preview:large, max-video-preview:-1\" \/>\n<link rel=\"canonical\" href=\"https:\/\/partidochega.pt\/index.php\/2024\/06\/18\/chega-indica-andre-ventura-para-o-conselho-de-estado\/\" \/>\n<meta property=\"og:locale\" content=\"pt_PT\" \/>\n<meta property=\"og:type\" content=\"article\" \/>\n<meta property=\"og:title\" content=\"CHEGA indica Andr\u00e9 Ventura para o Conselho de Estado - CHEGA\" \/>\n<meta property=\"og:description\" content=\"O CHEGA vai propor o seu presidente, Andr\u00e9 Ventura, para integrar os lugares do parlamento no Conselho de Estado, disse \u00e0 Lusa fonte oficial do partido. As elei\u00e7\u00f5es para os cinco membros a indicar pela Assembleia da Rep\u00fablica para o Conselho de Estado, \u00f3rg\u00e3o de consulta pol\u00edtica do Presidente da Rep\u00fablica, est\u00e3o marcadas para quarta-feira &hellip; Continuar a ler &quot;CHEGA indica Andr\u00e9 Ventura para o Conselho de Estado&quot;\" \/>\n<meta property=\"og:url\" content=\"https:\/\/partidochega.pt\/index.php\/2024\/06\/18\/chega-indica-andre-ventura-para-o-conselho-de-estado\/\" \/>\n<meta property=\"og:site_name\" content=\"CHEGA\" \/>\n<meta property=\"article:publisher\" content=\"https:\/\/www.facebook.com\/PartidoChegaOficial\/\" \/>\n<meta property=\"article:published_time\" content=\"2024-06-18T16:24:16+00:00\" \/>\n<meta property=\"article:modified_time\" content=\"2024-06-20T16:26:28+00:00\" \/>\n<meta property=\"og:image\" content=\"https:\/\/partidochega.pt\/wp-content\/uploads\/2024\/06\/Andre-Ventura-1-2048x1366-1.jpg\" \/>\n\t<meta property=\"og:image:width\" content=\"2048\" \/>\n\t<meta property=\"og:image:height\" content=\"1366\" \/>\n\t<meta property=\"og:image:type\" content=\"image\/jpeg\" \/>\n<meta name=\"author\" content=\"Tome\" \/>\n<meta name=\"twitter:card\" content=\"summary_large_image\" \/>\n<meta name=\"twitter:creator\" content=\"@PartidoCHEGA\" \/>\n<meta name=\"twitter:site\" content=\"@PartidoCHEGA\" \/>\n<meta name=\"twitter:label1\" content=\"Escrito por\" \/>\n\t<meta name=\"twitter:data1\" content=\"Tome\" \/>\n\t<meta name=\"twitter:label2\" content=\"Tempo estimado de leitura\" \/>\n\t<meta name=\"twitter:data2\" content=\"1 minuto\" \/>\n<script type=\"application\/ld+json\" class=\"yoast-schema-graph\">{\"@context\":\"https:\/\/schema.org\",\"@graph\":[{\"@type\":\"Article\",\"@id\":\"https:\/\/partidochega.pt\/index.php\/2024\/06\/18\/chega-indica-andre-ventura-para-o-conselho-de-estado\/#article\",\"isPartOf\":{\"@id\":\"https:\/\/partidochega.pt\/index.php\/2024\/06\/18\/chega-indica-andre-ventura-para-o-conselho-de-estado\/\"},\"author\":{\"name\":\"Tome\",\"@id\":\"https:\/\/partidochega.pt\/#\/schema\/person\/6d71d9993ec0d15ee5fd693553d8868f\"},\"headline\":\"CHEGA indica Andr\u00e9 Ventura para o Conselho de Estado\",\"datePublished\":\"2024-06-18T16:24:16+00:00\",\"dateModified\":\"2024-06-20T16:26:28+00:00\",\"mainEntityOfPage\":{\"@id\":\"https:\/\/partidochega.pt\/index.php\/2024\/06\/18\/chega-indica-andre-ventura-para-o-conselho-de-estado\/\"},\"wordCount\":114,\"commentCount\":0,\"publisher\":{\"@id\":\"https:\/\/partidochega.pt\/#organization\"},\"articleSection\":[\"Chega nos Media\"],\"inLanguage\":\"pt-PT\",\"potentialAction\":[{\"@type\":\"CommentAction\",\"name\":\"Comment\",\"target\":[\"https:\/\/partidochega.pt\/index.php\/2024\/06\/18\/chega-indica-andre-ventura-para-o-conselho-de-estado\/#respond\"]}]},{\"@type\":\"WebPage\",\"@id\":\"https:\/\/partidochega.pt\/index.php\/2024\/06\/18\/chega-indica-andre-ventura-para-o-conselho-de-estado\/\",\"url\":\"https:\/\/partidochega.pt\/index.php\/2024\/06\/18\/chega-indica-andre-ventura-para-o-conselho-de-estado\/\",\"name\":\"CHEGA indica Andr\u00e9 Ventura para o Conselho de Estado - CHEGA\",\"isPartOf\":{\"@id\":\"https:\/\/partidochega.pt\/#website\"},\"datePublished\":\"2024-06-18T16:24:16+00:00\",\"dateModified\":\"2024-06-20T16:26:28+00:00\",\"breadcrumb\":{\"@id\":\"https:\/\/partidochega.pt\/index.php\/2024\/06\/18\/chega-indica-andre-ventura-para-o-conselho-de-estado\/#breadcrumb\"},\"inLanguage\":\"pt-PT\",\"potentialAction\":[{\"@type\":\"ReadAction\",\"target\":[\"https:\/\/partidochega.pt\/index.php\/2024\/06\/18\/chega-indica-andre-ventura-para-o-conselho-de-estado\/\"]}]},{\"@type\":\"BreadcrumbList\",\"@id\":\"https:\/\/partidochega.pt\/index.php\/2024\/06\/18\/chega-indica-andre-ventura-para-o-conselho-de-estado\/#breadcrumb\",\"itemListElement\":[{\"@type\":\"ListItem\",\"position\":1,\"name\":\"In\u00edcio\",\"item\":\"https:\/\/partidochega.pt\/\"},{\"@type\":\"ListItem\",\"position\":2,\"name\":\"CHEGA indica Andr\u00e9 Ventura para o Conselho de Estado\"}]},{\"@type\":\"WebSite\",\"@id\":\"https:\/\/partidochega.pt\/#website\",\"url\":\"https:\/\/partidochega.pt\/\",\"name\":\"CHEGA\",\"description\":\"Partido Pol\u00edtico\",\"publisher\":{\"@id\":\"https:\/\/partidochega.pt\/#organization\"},\"potentialAction\":[{\"@type\":\"SearchAction\",\"target\":{\"@type\":\"EntryPoint\",\"urlTemplate\":\"https:\/\/partidochega.pt\/?s={search_term_string}\"},\"query-input\":\"required name=search_term_string\"}],\"inLanguage\":\"pt-PT\"},{\"@type\":\"Organization\",\"@id\":\"https:\/\/partidochega.pt\/#organization\",\"name\":\"Partido CHEGA\",\"url\":\"https:\/\/partidochega.pt\/\",\"logo\":{\"@type\":\"ImageObject\",\"inLanguage\":\"pt-PT\",\"@id\":\"https:\/\/partidochega.pt\/#\/schema\/logo\/image\/\",\"url\":\"https:\/\/partidochega.pt\/wp-content\/uploads\/2022\/05\/cropped-logo_chega.png\",\"contentUrl\":\"https:\/\/partidochega.pt\/wp-content\/uploads\/2022\/05\/cropped-logo_chega.png\",\"width\":512,\"height\":512,\"caption\":\"Partido CHEGA\"},\"image\":{\"@id\":\"https:\/\/partidochega.pt\/#\/schema\/logo\/image\/\"},\"sameAs\":[\"https:\/\/www.facebook.com\/PartidoChegaOficial\/\",\"https:\/\/twitter.com\/PartidoCHEGA\",\"https:\/\/www.youtube.com\/c\/CHEGATV\",\"https:\/\/www.instagram.com\/partidochega\/\",\"https:\/\/t.me\/PartidoCHEGA\"]},{\"@type\":\"Person\",\"@id\":\"https:\/\/partidochega.pt\/#\/schema\/person\/6d71d9993ec0d15ee5fd693553d8868f\",\"name\":\"Tome\",\"image\":{\"@type\":\"ImageObject\",\"inLanguage\":\"pt-PT\",\"@id\":\"https:\/\/partidochega.pt\/#\/schema\/person\/image\/\",\"url\":\"https:\/\/secure.gravatar.com\/avatar\/c1b5c868d06e723eb2b9b8b1c297dfb462d1035c7210315425bae370aa3bcc1a?s=96&d=mm&r=g\",\"contentUrl\":\"https:\/\/secure.gravatar.com\/avatar\/c1b5c868d06e723eb2b9b8b1c297dfb462d1035c7210315425bae370aa3bcc1a?s=96&d=mm&r=g\",\"caption\":\"Tome\"}}]}<\/script>\n<!-- \/ Yoast SEO plugin. -->","yoast_head_json":{"title":"CHEGA indica Andr\u00e9 Ventura para o Conselho de Estado - CHEGA","robots":{"index":"index","follow":"follow","max-snippet":"max-snippet:-1","max-image-preview":"max-image-preview:large","max-video-preview":"max-video-preview:-1"},"canonical":"https:\/\/partidochega.pt\/index.php\/2024\/06\/18\/chega-indica-andre-ventura-para-o-conselho-de-estado\/","og_locale":"pt_PT","og_type":"article","og_title":"CHEGA indica Andr\u00e9 Ventura para o Conselho de Estado - CHEGA","og_description":"O CHEGA vai propor o seu presidente, Andr\u00e9 Ventura, para integrar os lugares do parlamento no Conselho de Estado, disse \u00e0 Lusa fonte oficial do partido. As elei\u00e7\u00f5es para os cinco membros a indicar pela Assembleia da Rep\u00fablica para o Conselho de Estado, \u00f3rg\u00e3o de consulta pol\u00edtica do Presidente da Rep\u00fablica, est\u00e3o marcadas para quarta-feira &hellip; Continuar a ler \"CHEGA indica Andr\u00e9 Ventura para o Conselho de Estado\"","og_url":"https:\/\/partidochega.pt\/index.php\/2024\/06\/18\/chega-indica-andre-ventura-para-o-conselho-de-estado\/","og_site_name":"CHEGA","article_publisher":"https:\/\/www.facebook.com\/PartidoChegaOficial\/","article_published_time":"2024-06-18T16:24:16+00:00","article_modified_time":"2024-06-20T16:26:28+00:00","og_image":[{"width":2048,"height":1366,"url":"https:\/\/partidochega.pt\/wp-content\/uploads\/2024\/06\/Andre-Ventura-1-2048x1366-1.jpg","type":"image\/jpeg"}],"author":"Tome","twitter_card":"summary_large_image","twitter_creator":"@PartidoCHEGA","twitter_site":"@PartidoCHEGA","twitter_misc":{"Escrito por":"Tome","Tempo estimado de leitura":"1 minuto"},"schema":{"@context":"https:\/\/schema.org","@graph":[{"@type":"Article","@id":"https:\/\/partidochega.pt\/index.php\/2024\/06\/18\/chega-indica-andre-ventura-para-o-conselho-de-estado\/#article","isPartOf":{"@id":"https:\/\/partidochega.pt\/index.php\/2024\/06\/18\/chega-indica-andre-ventura-para-o-conselho-de-estado\/"},"author":{"name":"Tome","@id":"https:\/\/partidochega.pt\/#\/schema\/person\/6d71d9993ec0d15ee5fd693553d8868f"},"headline":"CHEGA indica Andr\u00e9 Ventura para o Conselho de Estado","datePublished":"2024-06-18T16:24:16+00:00","dateModified":"2024-06-20T16:26:28+00:00","mainEntityOfPage":{"@id":"https:\/\/partidochega.pt\/index.php\/2024\/06\/18\/chega-indica-andre-ventura-para-o-conselho-de-estado\/"},"wordCount":114,"commentCount":0,"publisher":{"@id":"https:\/\/partidochega.pt\/#organization"},"articleSection":["Chega nos Media"],"inLanguage":"pt-PT","potentialAction":[{"@type":"CommentAction","name":"Comment","target":["https:\/\/partidochega.pt\/index.php\/2024\/06\/18\/chega-indica-andre-ventura-para-o-conselho-de-estado\/#respond"]}]},{"@type":"WebPage","@id":"https:\/\/partidochega.pt\/index.php\/2024\/06\/18\/chega-indica-andre-ventura-para-o-conselho-de-estado\/","url":"https:\/\/partidochega.pt\/index.php\/2024\/06\/18\/chega-indica-andre-ventura-para-o-conselho-de-estado\/","name":"CHEGA indica Andr\u00e9 Ventura para o Conselho de Estado - CHEGA","isPartOf":{"@id":"https:\/\/partidochega.pt\/#website"},"datePublished":"2024-06-18T16:24:16+00:00","dateModified":"2024-06-20T16:26:28+00:00","breadcrumb":{"@id":"https:\/\/partidochega.pt\/index.php\/2024\/06\/18\/chega-indica-andre-ventura-para-o-conselho-de-estado\/#breadcrumb"},"inLanguage":"pt-PT","potentialAction":[{"@type":"ReadAction","target":["https:\/\/partidochega.pt\/index.php\/2024\/06\/18\/chega-indica-andre-ventura-para-o-conselho-de-estado\/"]}]},{"@type":"BreadcrumbList","@id":"https:\/\/partidochega.pt\/index.php\/2024\/06\/18\/chega-indica-andre-ventura-para-o-conselho-de-estado\/#breadcrumb","itemListElement":[{"@type":"ListItem","position":1,"name":"In\u00edcio","item":"https:\/\/partidochega.pt\/"},{"@type":"ListItem","position":2,"name":"CHEGA indica Andr\u00e9 Ventura para o Conselho de Estado"}]},{"@type":"WebSite","@id":"https:\/\/partidochega.pt\/#website","url":"https:\/\/partidochega.pt\/","name":"CHEGA","description":"Partido Pol\u00edtico","publisher":{"@id":"https:\/\/partidochega.pt\/#organization"},"potentialAction":[{"@type":"SearchAction","target":{"@type":"EntryPoint","urlTemplate":"https:\/\/partidochega.pt\/?s={search_term_string}"},"query-input":"required name=search_term_string"}],"inLanguage":"pt-PT"},{"@type":"Organization","@id":"https:\/\/partidochega.pt\/#organization","name":"Partido CHEGA","url":"https:\/\/partidochega.pt\/","logo":{"@type":"ImageObject","inLanguage":"pt-PT","@id":"https:\/\/partidochega.pt\/#\/schema\/logo\/image\/","url":"https:\/\/partidochega.pt\/wp-content\/uploads\/2022\/05\/cropped-logo_chega.png","contentUrl":"https:\/\/partidochega.pt\/wp-content\/uploads\/2022\/05\/cropped-logo_chega.png","width":512,"height":512,"caption":"Partido CHEGA"},"image":{"@id":"https:\/\/partidochega.pt\/#\/schema\/logo\/image\/"},"sameAs":["https:\/\/www.facebook.com\/PartidoChegaOficial\/","https:\/\/twitter.com\/PartidoCHEGA","https:\/\/www.youtube.com\/c\/CHEGATV","https:\/\/www.instagram.com\/partidochega\/","https:\/\/t.me\/PartidoCHEGA"]},{"@type":"Person","@id":"https:\/\/partidochega.pt\/#\/schema\/person\/6d71d9993ec0d15ee5fd693553d8868f","name":"Tome","image":{"@type":"ImageObject","inLanguage":"pt-PT","@id":"https:\/\/partidochega.pt\/#\/schema\/person\/image\/","url":"https:\/\/secure.gravatar.com\/avatar\/c1b5c868d06e723eb2b9b8b1c297dfb462d1035c7210315425bae370aa3bcc1a?s=96&d=mm&r=g","contentUrl":"https:\/\/secure.gravatar.com\/avatar\/c1b5c868d06e723eb2b9b8b1c297dfb462d1035c7210315425bae370aa3bcc1a?s=96&d=mm&r=g","caption":"Tome"}}]}},"_links":{"self":[{"href":"https:\/\/partidochega.pt\/index.php\/wp-json\/wp\/v2\/posts\/11865","targetHints":{"allow":["GET"]}}],"collection":[{"href":"https:\/\/partidochega.pt\/index.php\/wp-json\/wp\/v2\/posts"}],"about":[{"href":"https:\/\/partidochega.pt\/index.php\/wp-json\/wp\/v2\/types\/post"}],"author":[{"embeddable":true,"href":"https:\/\/partidochega.pt\/index.php\/wp-json\/wp\/v2\/users\/3"}],"replies":[{"embeddable":true,"href":"https:\/\/partidochega.pt\/index.php\/wp-json\/wp\/v2\/comments?post=11865"}],"version-history":[{"count":1,"href":"https:\/\/partidochega.pt\/index.php\/wp-json\/wp\/v2\/posts\/11865\/revisions"}],"predecessor-version":[{"id":11867,"href":"https:\/\/partidochega.pt\/index.php\/wp-json\/wp\/v2\/posts\/11865\/revisions\/11867"}],"wp:featuredmedia":[{"embeddable":true,"href":"https:\/\/partidochega.pt\/index.php\/wp-json\/wp\/v2\/media\/11866"}],"wp:attachment":[{"href":"https:\/\/partidochega.pt\/index.php\/wp-json\/wp\/v2\/media?parent=11865"}],"wp:term":[{"taxonomy":"category","embeddable":true,"href":"https:\/\/partidochega.pt\/index.php\/wp-json\/wp\/v2\/categories?post=11865"},{"taxonomy":"post_tag","embeddable":true,"href":"https:\/\/partidochega.pt\/index.php\/wp-json\/wp\/v2\/tags?post=11865"}],"curies":[{"name":"wp","href":"https:\/\/api.w.org\/{rel}","templated":true}]}}