{"id":12736,"date":"2025-02-12T18:55:30","date_gmt":"2025-02-12T18:55:30","guid":{"rendered":"https:\/\/partidochega.pt\/?p=12736"},"modified":"2025-02-12T18:55:30","modified_gmt":"2025-02-12T18:55:30","slug":"filhos-de-um-deus-menor","status":"publish","type":"post","link":"https:\/\/partidochega.pt\/index.php\/2025\/02\/12\/filhos-de-um-deus-menor\/","title":{"rendered":"FILHOS DE UM DEUS MENOR"},"content":{"rendered":"<p>Este \u00e9 o t\u00edtulo de um filme dos anos 80 que narra uma hist\u00f3ria de amor entre um professor e uma Ex-aluna surda e cuja trama gira em volta da resist\u00eancia desta em se integrar no mundo dos que ouvem.<\/p>\n<p>O tema que hoje abordo bem que dava tamb\u00e9m ele um filme, dram\u00e1tico com certeza tal \u00e9 o impacto que tem tido na vida de muitas pessoas e empresas, mas assim como no filme aqui tamb\u00e9m ningu\u00e9m, a n\u00edvel do poder central, quis ouvir aquilo que eram as preocupa\u00e7\u00f5es da popula\u00e7\u00e3o.<\/p>\n<p>Refiro-me aos constrangimentos causados com as prolongadas obras na ponte Edgar Cardoso na Figueira da Foz. Esta ponte inaugurada em 12 de mar\u00e7o de 1982 na presen\u00e7a de figuras ilustres do estado portugu\u00eas na altura como o presidente Ramalho Eanes e o primeiro-ministro Francisco Pinto Balsem\u00e3o \u00e9 relevadora da import\u00e2ncia desta para a cidade, regi\u00e3o e Pa\u00eds, foi um marco na vida e hist\u00f3ria figueirense, ela que veio substituir a antiga ponte de ferro de Gustavo Eiffel que datava o seu in\u00edcio de 1907. Refira-se que de 1982 at\u00e9 aos dias de hoje j\u00e1 sofreu naturalmente algumas interven\u00e7\u00f5es, nesse sentido destaco a de 2005 or\u00e7ada em cerca de 14 milh\u00f5es de euros e que iria permitir aumentar o per\u00edodo de vida desta em 30 anos, pois bem est\u00e1vamos em 2022 quando as infraestruturas de Portugal anunciou uma interven\u00e7\u00e3o de fundo na referida infraestrutura com um prazo de execu\u00e7\u00e3o de 21 meses e um custo estimado de 16,8 milh\u00f5es de euros. Paralelamente foi anunciado o plano de execu\u00e7\u00e3o e com ele o alarme para as popula\u00e7\u00f5es e empresas com as implica\u00e7\u00f5es resultantes, nomeadamente com os cortes totais noturnos da circula\u00e7\u00e3o na grande maioria do ano a contemplar 5 noites por semana, sim, porque por este pa\u00eds a fora n\u00e3o deve haver a consci\u00eancia que na Figueira da Foz decorre uma obra numa infraestrutura vital, que \u00e9 necess\u00e1ria certo, mas que faz com que a cidade fique desligada da zona sul do concelho onde entre muitas ind\u00fastrias se encontra tamb\u00e9m o hospital, s\u00f3 para terem uma ideia a alternativa aos normais 4 a 5 quil\u00f3metros de dist\u00e2ncia entre a sede de concelho e a unidade hospitalar s\u00e3o quase 40 quil\u00f3metros percorrendo a A-17, isto aplica-se para quem tiver de ir nessas noites ao hospital como para muitos trabalhadores, o efeito s\u00f3 n\u00e3o \u00e9 ainda pior em termos econ\u00f3micos tamb\u00e9m porque em abono da verdade diga-se a autarquia fez bastante press\u00e3o para que nesse per\u00edodo o tro\u00e7o percorrido da A-17 ficasse isento de pagamento, foi tamb\u00e9m alargado o funcionamento do barco que assegura a travessia entre as margens como forma de minorar os constrangimentos.<\/p>\n<p>Agora, algu\u00e9m acha poss\u00edvel em Lisboa ou no Porto isto acontecer? Privar-se autenticamente a circula\u00e7\u00e3o de pessoas? \u00c9 em nome da seguran\u00e7a, dir\u00e3o, ok e ainda bem, mas nessas cidades que referi isso acontece? N\u00e3o porque t\u00eam outro tipo de alternativas que n\u00e3o seja terem de fazer mais 40 quil\u00f3metros para cada lado para ir trabalhar ou deslocar ao hospital por exemplo. Portanto, n\u00e3o foi em 2022 que descobriram que era necess\u00e1rio fazer uma interven\u00e7\u00e3o desta envergadura, logo tiveram tempo para acautelar os interesses das popula\u00e7\u00f5es, creio que isso ainda importa! Lembro que no papel est\u00e1 um projeto de uma travessia no Mondego, entre as Freguesias de Vila-Verde e o Alqueid\u00e3o que far\u00e1 parte da rede europeia de ciclovias, esse mesmo projeto no entanto como s\u00f3 contemplava a travessia de bicicletas foi por interm\u00e9dio da c\u00e2mara municipal alvo e bem de altera\u00e7\u00f5es que possibilitem a travessia tamb\u00e9m de autom\u00f3veis, mas n\u00e3o tiv\u00e9ssemos n\u00f3s em Portugal o processo tem sofrido avan\u00e7os e recuos principalmente devido \u00e0 obten\u00e7\u00e3o do respetivo financiamento e aquilo que deveria estar pronto e assim mitigar o sofrimento de quem precisa diariamente atravessar para o outro lado ainda antes das prolongadas obras come\u00e7arem tarda em ver a luz do dia.<\/p>\n<p>Estamos em fevereiro de 2025 e as obras que dever-se-iam ter iniciado a 31 de outubro de 2022 e demorado 21 meses, continuam, verdade que acabaram por se iniciar alguns meses mais tarde, mas os constrangimentos esses logo se fizeram sentir dada a diminui\u00e7\u00e3o de 4 para 2 faixas de rodagem, causando logo desde essa altura in\u00fameras filas de tr\u00e2nsito diariamente com o consequente aumento no tempo da travessia.<\/p>\n<p>Desculpem que vos diga, mas continuamos a olhar para Lisboa e Porto com uns olhos e para o resto do pa\u00eds\u00a0com\u00a0outros.<\/p>\n","protected":false},"excerpt":{"rendered":"<p>Este \u00e9 o t\u00edtulo de um filme dos anos 80 que narra uma hist\u00f3ria de amor entre um professor e uma Ex-aluna surda e cuja trama gira em volta da resist\u00eancia desta em se integrar no mundo dos que ouvem. O tema que hoje abordo bem que dava tamb\u00e9m ele um filme, dram\u00e1tico com certeza &hellip; <\/p>\n<p class=\"link-more\"><a href=\"https:\/\/partidochega.pt\/index.php\/2025\/02\/12\/filhos-de-um-deus-menor\/\" class=\"more-link\">Continuar a ler <span class=\"screen-reader-text\">&#8220;FILHOS DE UM DEUS MENOR&#8221;<\/span><\/a><\/p>\n","protected":false},"author":3,"featured_media":12737,"comment_status":"closed","ping_status":"open","sticky":false,"template":"","format":"standard","meta":{"footnotes":""},"categories":[28],"tags":[],"class_list":["post-12736","post","type-post","status-publish","format-standard","has-post-thumbnail","hentry","category-distrital-de-coimbra"],"yoast_head":"<!-- This site is optimized with the Yoast SEO plugin v21.5 - https:\/\/yoast.com\/wordpress\/plugins\/seo\/ -->\n<title>FILHOS DE UM DEUS MENOR - CHEGA Distrital de Coimbra<\/title>\n<meta name=\"robots\" content=\"index, follow, max-snippet:-1, max-image-preview:large, max-video-preview:-1\" \/>\n<link rel=\"canonical\" href=\"https:\/\/partidochega.pt\/index.php\/2025\/02\/12\/filhos-de-um-deus-menor\/\" \/>\n<meta property=\"og:locale\" content=\"pt_PT\" \/>\n<meta property=\"og:type\" content=\"article\" \/>\n<meta property=\"og:title\" content=\"FILHOS DE UM DEUS MENOR - CHEGA Distrital de Coimbra\" \/>\n<meta property=\"og:description\" content=\"Este \u00e9 o t\u00edtulo de um filme dos anos 80 que narra uma hist\u00f3ria de amor entre um professor e uma Ex-aluna surda e cuja trama gira em volta da resist\u00eancia desta em se integrar no mundo dos que ouvem. O tema que hoje abordo bem que dava tamb\u00e9m ele um filme, dram\u00e1tico com certeza &hellip; Continuar a ler &quot;FILHOS DE UM DEUS MENOR&quot;\" \/>\n<meta property=\"og:url\" content=\"https:\/\/partidochega.pt\/index.php\/2025\/02\/12\/filhos-de-um-deus-menor\/\" \/>\n<meta property=\"og:site_name\" content=\"CHEGA\" \/>\n<meta property=\"article:publisher\" content=\"https:\/\/www.facebook.com\/PartidoChegaOficial\/\" \/>\n<meta property=\"article:published_time\" content=\"2025-02-12T18:55:30+00:00\" \/>\n<meta property=\"og:image\" content=\"https:\/\/partidochega.pt\/wp-content\/uploads\/2025\/02\/Imagem-WhatsApp-2025-02-12-as-17.51.12_ec0c2ca4.jpg\" \/>\n\t<meta property=\"og:image:width\" content=\"863\" \/>\n\t<meta property=\"og:image:height\" content=\"415\" \/>\n\t<meta property=\"og:image:type\" content=\"image\/jpeg\" \/>\n<meta name=\"author\" content=\"Tome\" \/>\n<meta name=\"twitter:card\" content=\"summary_large_image\" \/>\n<meta name=\"twitter:creator\" content=\"@PartidoCHEGA\" \/>\n<meta name=\"twitter:site\" content=\"@PartidoCHEGA\" \/>\n<meta name=\"twitter:label1\" content=\"Escrito por\" \/>\n\t<meta name=\"twitter:data1\" content=\"Tome\" \/>\n\t<meta name=\"twitter:label2\" content=\"Tempo estimado de leitura\" \/>\n\t<meta name=\"twitter:data2\" content=\"5 minutos\" \/>\n<script type=\"application\/ld+json\" class=\"yoast-schema-graph\">{\"@context\":\"https:\/\/schema.org\",\"@graph\":[{\"@type\":\"Article\",\"@id\":\"https:\/\/partidochega.pt\/index.php\/2025\/02\/12\/filhos-de-um-deus-menor\/#article\",\"isPartOf\":{\"@id\":\"https:\/\/partidochega.pt\/index.php\/2025\/02\/12\/filhos-de-um-deus-menor\/\"},\"author\":{\"name\":\"Tome\",\"@id\":\"https:\/\/partidochega.pt\/#\/schema\/person\/6d71d9993ec0d15ee5fd693553d8868f\"},\"headline\":\"FILHOS DE UM DEUS MENOR\",\"datePublished\":\"2025-02-12T18:55:30+00:00\",\"dateModified\":\"2025-02-12T18:55:30+00:00\",\"mainEntityOfPage\":{\"@id\":\"https:\/\/partidochega.pt\/index.php\/2025\/02\/12\/filhos-de-um-deus-menor\/\"},\"wordCount\":788,\"publisher\":{\"@id\":\"https:\/\/partidochega.pt\/#organization\"},\"articleSection\":[\"Distrital de Coimbra\"],\"inLanguage\":\"pt-PT\"},{\"@type\":\"WebPage\",\"@id\":\"https:\/\/partidochega.pt\/index.php\/2025\/02\/12\/filhos-de-um-deus-menor\/\",\"url\":\"https:\/\/partidochega.pt\/index.php\/2025\/02\/12\/filhos-de-um-deus-menor\/\",\"name\":\"FILHOS DE UM DEUS MENOR - CHEGA Distrital de Coimbra\",\"isPartOf\":{\"@id\":\"https:\/\/partidochega.pt\/#website\"},\"datePublished\":\"2025-02-12T18:55:30+00:00\",\"dateModified\":\"2025-02-12T18:55:30+00:00\",\"breadcrumb\":{\"@id\":\"https:\/\/partidochega.pt\/index.php\/2025\/02\/12\/filhos-de-um-deus-menor\/#breadcrumb\"},\"inLanguage\":\"pt-PT\",\"potentialAction\":[{\"@type\":\"ReadAction\",\"target\":[\"https:\/\/partidochega.pt\/index.php\/2025\/02\/12\/filhos-de-um-deus-menor\/\"]}]},{\"@type\":\"BreadcrumbList\",\"@id\":\"https:\/\/partidochega.pt\/index.php\/2025\/02\/12\/filhos-de-um-deus-menor\/#breadcrumb\",\"itemListElement\":[{\"@type\":\"ListItem\",\"position\":1,\"name\":\"In\u00edcio\",\"item\":\"https:\/\/partidochega.pt\/\"},{\"@type\":\"ListItem\",\"position\":2,\"name\":\"FILHOS DE UM DEUS MENOR\"}]},{\"@type\":\"WebSite\",\"@id\":\"https:\/\/partidochega.pt\/#website\",\"url\":\"https:\/\/partidochega.pt\/\",\"name\":\"CHEGA\",\"description\":\"Partido Pol\u00edtico\",\"publisher\":{\"@id\":\"https:\/\/partidochega.pt\/#organization\"},\"potentialAction\":[{\"@type\":\"SearchAction\",\"target\":{\"@type\":\"EntryPoint\",\"urlTemplate\":\"https:\/\/partidochega.pt\/?s={search_term_string}\"},\"query-input\":\"required name=search_term_string\"}],\"inLanguage\":\"pt-PT\"},{\"@type\":\"Organization\",\"@id\":\"https:\/\/partidochega.pt\/#organization\",\"name\":\"Partido CHEGA\",\"url\":\"https:\/\/partidochega.pt\/\",\"logo\":{\"@type\":\"ImageObject\",\"inLanguage\":\"pt-PT\",\"@id\":\"https:\/\/partidochega.pt\/#\/schema\/logo\/image\/\",\"url\":\"https:\/\/partidochega.pt\/wp-content\/uploads\/2022\/05\/cropped-logo_chega.png\",\"contentUrl\":\"https:\/\/partidochega.pt\/wp-content\/uploads\/2022\/05\/cropped-logo_chega.png\",\"width\":512,\"height\":512,\"caption\":\"Partido CHEGA\"},\"image\":{\"@id\":\"https:\/\/partidochega.pt\/#\/schema\/logo\/image\/\"},\"sameAs\":[\"https:\/\/www.facebook.com\/PartidoChegaOficial\/\",\"https:\/\/twitter.com\/PartidoCHEGA\",\"https:\/\/www.youtube.com\/c\/CHEGATV\",\"https:\/\/www.instagram.com\/partidochega\/\",\"https:\/\/t.me\/PartidoCHEGA\"]},{\"@type\":\"Person\",\"@id\":\"https:\/\/partidochega.pt\/#\/schema\/person\/6d71d9993ec0d15ee5fd693553d8868f\",\"name\":\"Tome\",\"image\":{\"@type\":\"ImageObject\",\"inLanguage\":\"pt-PT\",\"@id\":\"https:\/\/partidochega.pt\/#\/schema\/person\/image\/\",\"url\":\"https:\/\/secure.gravatar.com\/avatar\/c1b5c868d06e723eb2b9b8b1c297dfb462d1035c7210315425bae370aa3bcc1a?s=96&d=mm&r=g\",\"contentUrl\":\"https:\/\/secure.gravatar.com\/avatar\/c1b5c868d06e723eb2b9b8b1c297dfb462d1035c7210315425bae370aa3bcc1a?s=96&d=mm&r=g\",\"caption\":\"Tome\"}}]}<\/script>\n<!-- \/ Yoast SEO plugin. -->","yoast_head_json":{"title":"FILHOS DE UM DEUS MENOR - CHEGA Distrital de Coimbra","robots":{"index":"index","follow":"follow","max-snippet":"max-snippet:-1","max-image-preview":"max-image-preview:large","max-video-preview":"max-video-preview:-1"},"canonical":"https:\/\/partidochega.pt\/index.php\/2025\/02\/12\/filhos-de-um-deus-menor\/","og_locale":"pt_PT","og_type":"article","og_title":"FILHOS DE UM DEUS MENOR - CHEGA Distrital de Coimbra","og_description":"Este \u00e9 o t\u00edtulo de um filme dos anos 80 que narra uma hist\u00f3ria de amor entre um professor e uma Ex-aluna surda e cuja trama gira em volta da resist\u00eancia desta em se integrar no mundo dos que ouvem. O tema que hoje abordo bem que dava tamb\u00e9m ele um filme, dram\u00e1tico com certeza &hellip; Continuar a ler \"FILHOS DE UM DEUS MENOR\"","og_url":"https:\/\/partidochega.pt\/index.php\/2025\/02\/12\/filhos-de-um-deus-menor\/","og_site_name":"CHEGA","article_publisher":"https:\/\/www.facebook.com\/PartidoChegaOficial\/","article_published_time":"2025-02-12T18:55:30+00:00","og_image":[{"width":863,"height":415,"url":"https:\/\/partidochega.pt\/wp-content\/uploads\/2025\/02\/Imagem-WhatsApp-2025-02-12-as-17.51.12_ec0c2ca4.jpg","type":"image\/jpeg"}],"author":"Tome","twitter_card":"summary_large_image","twitter_creator":"@PartidoCHEGA","twitter_site":"@PartidoCHEGA","twitter_misc":{"Escrito por":"Tome","Tempo estimado de leitura":"5 minutos"},"schema":{"@context":"https:\/\/schema.org","@graph":[{"@type":"Article","@id":"https:\/\/partidochega.pt\/index.php\/2025\/02\/12\/filhos-de-um-deus-menor\/#article","isPartOf":{"@id":"https:\/\/partidochega.pt\/index.php\/2025\/02\/12\/filhos-de-um-deus-menor\/"},"author":{"name":"Tome","@id":"https:\/\/partidochega.pt\/#\/schema\/person\/6d71d9993ec0d15ee5fd693553d8868f"},"headline":"FILHOS DE UM DEUS MENOR","datePublished":"2025-02-12T18:55:30+00:00","dateModified":"2025-02-12T18:55:30+00:00","mainEntityOfPage":{"@id":"https:\/\/partidochega.pt\/index.php\/2025\/02\/12\/filhos-de-um-deus-menor\/"},"wordCount":788,"publisher":{"@id":"https:\/\/partidochega.pt\/#organization"},"articleSection":["Distrital de Coimbra"],"inLanguage":"pt-PT"},{"@type":"WebPage","@id":"https:\/\/partidochega.pt\/index.php\/2025\/02\/12\/filhos-de-um-deus-menor\/","url":"https:\/\/partidochega.pt\/index.php\/2025\/02\/12\/filhos-de-um-deus-menor\/","name":"FILHOS DE UM DEUS MENOR - CHEGA Distrital de Coimbra","isPartOf":{"@id":"https:\/\/partidochega.pt\/#website"},"datePublished":"2025-02-12T18:55:30+00:00","dateModified":"2025-02-12T18:55:30+00:00","breadcrumb":{"@id":"https:\/\/partidochega.pt\/index.php\/2025\/02\/12\/filhos-de-um-deus-menor\/#breadcrumb"},"inLanguage":"pt-PT","potentialAction":[{"@type":"ReadAction","target":["https:\/\/partidochega.pt\/index.php\/2025\/02\/12\/filhos-de-um-deus-menor\/"]}]},{"@type":"BreadcrumbList","@id":"https:\/\/partidochega.pt\/index.php\/2025\/02\/12\/filhos-de-um-deus-menor\/#breadcrumb","itemListElement":[{"@type":"ListItem","position":1,"name":"In\u00edcio","item":"https:\/\/partidochega.pt\/"},{"@type":"ListItem","position":2,"name":"FILHOS DE UM DEUS MENOR"}]},{"@type":"WebSite","@id":"https:\/\/partidochega.pt\/#website","url":"https:\/\/partidochega.pt\/","name":"CHEGA","description":"Partido Pol\u00edtico","publisher":{"@id":"https:\/\/partidochega.pt\/#organization"},"potentialAction":[{"@type":"SearchAction","target":{"@type":"EntryPoint","urlTemplate":"https:\/\/partidochega.pt\/?s={search_term_string}"},"query-input":"required name=search_term_string"}],"inLanguage":"pt-PT"},{"@type":"Organization","@id":"https:\/\/partidochega.pt\/#organization","name":"Partido CHEGA","url":"https:\/\/partidochega.pt\/","logo":{"@type":"ImageObject","inLanguage":"pt-PT","@id":"https:\/\/partidochega.pt\/#\/schema\/logo\/image\/","url":"https:\/\/partidochega.pt\/wp-content\/uploads\/2022\/05\/cropped-logo_chega.png","contentUrl":"https:\/\/partidochega.pt\/wp-content\/uploads\/2022\/05\/cropped-logo_chega.png","width":512,"height":512,"caption":"Partido CHEGA"},"image":{"@id":"https:\/\/partidochega.pt\/#\/schema\/logo\/image\/"},"sameAs":["https:\/\/www.facebook.com\/PartidoChegaOficial\/","https:\/\/twitter.com\/PartidoCHEGA","https:\/\/www.youtube.com\/c\/CHEGATV","https:\/\/www.instagram.com\/partidochega\/","https:\/\/t.me\/PartidoCHEGA"]},{"@type":"Person","@id":"https:\/\/partidochega.pt\/#\/schema\/person\/6d71d9993ec0d15ee5fd693553d8868f","name":"Tome","image":{"@type":"ImageObject","inLanguage":"pt-PT","@id":"https:\/\/partidochega.pt\/#\/schema\/person\/image\/","url":"https:\/\/secure.gravatar.com\/avatar\/c1b5c868d06e723eb2b9b8b1c297dfb462d1035c7210315425bae370aa3bcc1a?s=96&d=mm&r=g","contentUrl":"https:\/\/secure.gravatar.com\/avatar\/c1b5c868d06e723eb2b9b8b1c297dfb462d1035c7210315425bae370aa3bcc1a?s=96&d=mm&r=g","caption":"Tome"}}]}},"_links":{"self":[{"href":"https:\/\/partidochega.pt\/index.php\/wp-json\/wp\/v2\/posts\/12736","targetHints":{"allow":["GET"]}}],"collection":[{"href":"https:\/\/partidochega.pt\/index.php\/wp-json\/wp\/v2\/posts"}],"about":[{"href":"https:\/\/partidochega.pt\/index.php\/wp-json\/wp\/v2\/types\/post"}],"author":[{"embeddable":true,"href":"https:\/\/partidochega.pt\/index.php\/wp-json\/wp\/v2\/users\/3"}],"replies":[{"embeddable":true,"href":"https:\/\/partidochega.pt\/index.php\/wp-json\/wp\/v2\/comments?post=12736"}],"version-history":[{"count":1,"href":"https:\/\/partidochega.pt\/index.php\/wp-json\/wp\/v2\/posts\/12736\/revisions"}],"predecessor-version":[{"id":12738,"href":"https:\/\/partidochega.pt\/index.php\/wp-json\/wp\/v2\/posts\/12736\/revisions\/12738"}],"wp:featuredmedia":[{"embeddable":true,"href":"https:\/\/partidochega.pt\/index.php\/wp-json\/wp\/v2\/media\/12737"}],"wp:attachment":[{"href":"https:\/\/partidochega.pt\/index.php\/wp-json\/wp\/v2\/media?parent=12736"}],"wp:term":[{"taxonomy":"category","embeddable":true,"href":"https:\/\/partidochega.pt\/index.php\/wp-json\/wp\/v2\/categories?post=12736"},{"taxonomy":"post_tag","embeddable":true,"href":"https:\/\/partidochega.pt\/index.php\/wp-json\/wp\/v2\/tags?post=12736"}],"curies":[{"name":"wp","href":"https:\/\/api.w.org\/{rel}","templated":true}]}}