{"id":13029,"date":"2025-03-28T13:38:50","date_gmt":"2025-03-28T13:38:50","guid":{"rendered":"https:\/\/partidochega.pt\/?p=13029"},"modified":"2025-03-28T13:38:50","modified_gmt":"2025-03-28T13:38:50","slug":"a-importancia-do-apoio-governamental-ao-ensino-pre-escolar-privado-e-social-em-portugal","status":"publish","type":"post","link":"https:\/\/partidochega.pt\/index.php\/2025\/03\/28\/a-importancia-do-apoio-governamental-ao-ensino-pre-escolar-privado-e-social-em-portugal\/","title":{"rendered":"A Import\u00e2ncia do Apoio Governamental ao Ensino Pr\u00e9-Escolar Privado e Social\u00a0em\u00a0Portugal"},"content":{"rendered":"<p>O Ensino Pr\u00e9-Escolar desempenha, no atual panorama educacional nacional, um papel fundamental no desenvolvimento cognitivo, social e emocional das crian\u00e7as, sendo um alicerce essencial para o seu sucesso futuro. No entanto, em Portugal, muitas Fam\u00edlias enfrentam dificuldades para garantir uma vaga para os seus filhos, quer por falta de oferta na rede p\u00fablica, quer pelos custos associados ao ensino privado.<br \/>\nTorna-se imperativo que o Governo aposte numa estrat\u00e9gia de amplia\u00e7\u00e3o da rede pr\u00e9-escolar, apoiando de forma clara e inequ\u00edvoca as entidades privadas e de \u00e2mbito social<br \/>\nO investimento governamental na Educa\u00e7\u00e3o Pr\u00e9-Escolar, n\u00e3o deve apenas e s\u00f3, limitar-se \u00e0 cria\u00e7\u00e3o de mais vagas nas institui\u00e7\u00f5es p\u00fablicas, mas sim passar tamb\u00e9m pelo refor\u00e7o do apoio \u00e0s institui\u00e7\u00f5es privadas e do setor social. \u00c9 urgente e premente, proceder a uma revis\u00e3o e atualiza\u00e7\u00e3o dos apoios financeiros, libertando as entidades de enormes sufocos que vivem, e com os quais convivem no seu dia a dia. Estas entidades desempenham um papel vital na resposta \u00e0s necessidades das Fam\u00edlias, assegurando um ensino de qualidade e contribuindo para a inclus\u00e3o e bem-estar das crian\u00e7as.<\/p>\n<p>Ao apoiar de forma sustentada e equilibrada estas institui\u00e7\u00f5es, o Governo permite uma maior oferta de lugares, reduzindo listas de espera e aliviando a press\u00e3o sobre os pais, que muitas vezes se veem for\u00e7ados a procurar solu\u00e7\u00f5es dispendiosas ou inadequadas. Al\u00e9m disso, um financiamento adequado e atualizado \u00e0 atualidade, garante que os estabelecimentos possam manter padr\u00f5es de excel\u00eancia, proporcionando recursos pedag\u00f3gicos de qualidade e condi\u00e7\u00f5es de trabalho dignas para os profissionais da educa\u00e7\u00e3o.<br \/>\nOutro ponto crucial \u00e9 a necessidade de um sistema de comparticipa\u00e7\u00e3o financeira ajustado aos rendimentos das Fam\u00edlias, assegurando que todas tenham acesso a um Ensino Pr\u00e9-Escolar de qualidade, independentemente da sua situa\u00e7\u00e3o econ\u00f3mica. Modelos de financiamento mais flex\u00edveis e inclusivos, como os cheques-ensino ou parcerias p\u00fablico-privadas, podem ser solu\u00e7\u00f5es eficazes para garantir a equidade no acesso \u00e0 educa\u00e7\u00e3o infantil.<\/p>\n<p>Em suma, a aposta numa maior colabora\u00e7\u00e3o entre o Setor P\u00fablico e as institui\u00e7\u00f5es privadas e sociais, \u00e9 essencial para que TODAS as crian\u00e7as portuguesas tenham garantido o direito \u00e0 Educa\u00e7\u00e3o Pr\u00e9-Escolar. Apenas atrav\u00e9s de um compromisso s\u00e9rio e estruturado, poderemos proporcionar um in\u00edcio de vida mais equilibrado e promissor para as futuras gera\u00e7\u00f5es, melhorando, de forma crucial, o bem-estar social e a qualidade da Educa\u00e7\u00e3o em Portugal.<\/p>\n<p>Paulo Seco<br \/>\n(Presidente da Distrital\u00a0de\u00a0Coimbra)<\/p>\n","protected":false},"excerpt":{"rendered":"<p>O Ensino Pr\u00e9-Escolar desempenha, no atual panorama educacional nacional, um papel fundamental no desenvolvimento cognitivo, social e emocional das crian\u00e7as, sendo um alicerce essencial para o seu sucesso futuro. No entanto, em Portugal, muitas Fam\u00edlias enfrentam dificuldades para garantir uma vaga para os seus filhos, quer por falta de oferta na rede p\u00fablica, quer pelos &hellip; <\/p>\n<p class=\"link-more\"><a href=\"https:\/\/partidochega.pt\/index.php\/2025\/03\/28\/a-importancia-do-apoio-governamental-ao-ensino-pre-escolar-privado-e-social-em-portugal\/\" class=\"more-link\">Continuar a ler <span class=\"screen-reader-text\">&#8220;A Import\u00e2ncia do Apoio Governamental ao Ensino Pr\u00e9-Escolar Privado e Social\u00a0em\u00a0Portugal&#8221;<\/span><\/a><\/p>\n","protected":false},"author":3,"featured_media":13030,"comment_status":"closed","ping_status":"open","sticky":false,"template":"","format":"standard","meta":{"footnotes":""},"categories":[28],"tags":[],"class_list":["post-13029","post","type-post","status-publish","format-standard","has-post-thumbnail","hentry","category-distrital-de-coimbra"],"yoast_head":"<!-- This site is optimized with the Yoast SEO plugin v21.5 - https:\/\/yoast.com\/wordpress\/plugins\/seo\/ -->\n<title>A Import\u00e2ncia do Apoio Governamental ao Ensino Pr\u00e9-Escolar Privado e Social\u00a0em\u00a0Portugal - CHEGA Distrital de Coimbra<\/title>\n<meta name=\"robots\" content=\"index, follow, max-snippet:-1, max-image-preview:large, max-video-preview:-1\" \/>\n<link rel=\"canonical\" href=\"https:\/\/partidochega.pt\/index.php\/2025\/03\/28\/a-importancia-do-apoio-governamental-ao-ensino-pre-escolar-privado-e-social-em-portugal\/\" \/>\n<meta property=\"og:locale\" content=\"pt_PT\" \/>\n<meta property=\"og:type\" content=\"article\" \/>\n<meta property=\"og:title\" content=\"A Import\u00e2ncia do Apoio Governamental ao Ensino Pr\u00e9-Escolar Privado e Social\u00a0em\u00a0Portugal - CHEGA Distrital de Coimbra\" \/>\n<meta property=\"og:description\" content=\"O Ensino Pr\u00e9-Escolar desempenha, no atual panorama educacional nacional, um papel fundamental no desenvolvimento cognitivo, social e emocional das crian\u00e7as, sendo um alicerce essencial para o seu sucesso futuro. No entanto, em Portugal, muitas Fam\u00edlias enfrentam dificuldades para garantir uma vaga para os seus filhos, quer por falta de oferta na rede p\u00fablica, quer pelos &hellip; Continuar a ler &quot;A Import\u00e2ncia do Apoio Governamental ao Ensino Pr\u00e9-Escolar Privado e Social\u00a0em\u00a0Portugal&quot;\" \/>\n<meta property=\"og:url\" content=\"https:\/\/partidochega.pt\/index.php\/2025\/03\/28\/a-importancia-do-apoio-governamental-ao-ensino-pre-escolar-privado-e-social-em-portugal\/\" \/>\n<meta property=\"og:site_name\" content=\"CHEGA\" \/>\n<meta property=\"article:publisher\" content=\"https:\/\/www.facebook.com\/PartidoChegaOficial\/\" \/>\n<meta property=\"article:published_time\" content=\"2025-03-28T13:38:50+00:00\" \/>\n<meta property=\"og:image\" content=\"https:\/\/partidochega.pt\/wp-content\/uploads\/2025\/03\/Imagem-WhatsApp-2025-03-28-as-10.28.23_9687190a.jpg\" \/>\n\t<meta property=\"og:image:width\" content=\"300\" \/>\n\t<meta property=\"og:image:height\" content=\"400\" \/>\n\t<meta property=\"og:image:type\" content=\"image\/jpeg\" \/>\n<meta name=\"author\" content=\"Tome\" \/>\n<meta name=\"twitter:card\" content=\"summary_large_image\" \/>\n<meta name=\"twitter:creator\" content=\"@PartidoCHEGA\" \/>\n<meta name=\"twitter:site\" content=\"@PartidoCHEGA\" \/>\n<meta name=\"twitter:label1\" content=\"Escrito por\" \/>\n\t<meta name=\"twitter:data1\" content=\"Tome\" \/>\n\t<meta name=\"twitter:label2\" content=\"Tempo estimado de leitura\" \/>\n\t<meta name=\"twitter:data2\" content=\"3 minutos\" \/>\n<script type=\"application\/ld+json\" class=\"yoast-schema-graph\">{\"@context\":\"https:\/\/schema.org\",\"@graph\":[{\"@type\":\"Article\",\"@id\":\"https:\/\/partidochega.pt\/index.php\/2025\/03\/28\/a-importancia-do-apoio-governamental-ao-ensino-pre-escolar-privado-e-social-em-portugal\/#article\",\"isPartOf\":{\"@id\":\"https:\/\/partidochega.pt\/index.php\/2025\/03\/28\/a-importancia-do-apoio-governamental-ao-ensino-pre-escolar-privado-e-social-em-portugal\/\"},\"author\":{\"name\":\"Tome\",\"@id\":\"https:\/\/partidochega.pt\/#\/schema\/person\/6d71d9993ec0d15ee5fd693553d8868f\"},\"headline\":\"A Import\u00e2ncia do Apoio Governamental ao Ensino Pr\u00e9-Escolar Privado e Social\u00a0em\u00a0Portugal\",\"datePublished\":\"2025-03-28T13:38:50+00:00\",\"dateModified\":\"2025-03-28T13:38:50+00:00\",\"mainEntityOfPage\":{\"@id\":\"https:\/\/partidochega.pt\/index.php\/2025\/03\/28\/a-importancia-do-apoio-governamental-ao-ensino-pre-escolar-privado-e-social-em-portugal\/\"},\"wordCount\":445,\"publisher\":{\"@id\":\"https:\/\/partidochega.pt\/#organization\"},\"articleSection\":[\"Distrital de Coimbra\"],\"inLanguage\":\"pt-PT\"},{\"@type\":\"WebPage\",\"@id\":\"https:\/\/partidochega.pt\/index.php\/2025\/03\/28\/a-importancia-do-apoio-governamental-ao-ensino-pre-escolar-privado-e-social-em-portugal\/\",\"url\":\"https:\/\/partidochega.pt\/index.php\/2025\/03\/28\/a-importancia-do-apoio-governamental-ao-ensino-pre-escolar-privado-e-social-em-portugal\/\",\"name\":\"A Import\u00e2ncia do Apoio Governamental ao Ensino Pr\u00e9-Escolar Privado e Social\u00a0em\u00a0Portugal - CHEGA Distrital de Coimbra\",\"isPartOf\":{\"@id\":\"https:\/\/partidochega.pt\/#website\"},\"datePublished\":\"2025-03-28T13:38:50+00:00\",\"dateModified\":\"2025-03-28T13:38:50+00:00\",\"breadcrumb\":{\"@id\":\"https:\/\/partidochega.pt\/index.php\/2025\/03\/28\/a-importancia-do-apoio-governamental-ao-ensino-pre-escolar-privado-e-social-em-portugal\/#breadcrumb\"},\"inLanguage\":\"pt-PT\",\"potentialAction\":[{\"@type\":\"ReadAction\",\"target\":[\"https:\/\/partidochega.pt\/index.php\/2025\/03\/28\/a-importancia-do-apoio-governamental-ao-ensino-pre-escolar-privado-e-social-em-portugal\/\"]}]},{\"@type\":\"BreadcrumbList\",\"@id\":\"https:\/\/partidochega.pt\/index.php\/2025\/03\/28\/a-importancia-do-apoio-governamental-ao-ensino-pre-escolar-privado-e-social-em-portugal\/#breadcrumb\",\"itemListElement\":[{\"@type\":\"ListItem\",\"position\":1,\"name\":\"In\u00edcio\",\"item\":\"https:\/\/partidochega.pt\/\"},{\"@type\":\"ListItem\",\"position\":2,\"name\":\"A Import\u00e2ncia do Apoio Governamental ao Ensino Pr\u00e9-Escolar Privado e Social\u00a0em\u00a0Portugal\"}]},{\"@type\":\"WebSite\",\"@id\":\"https:\/\/partidochega.pt\/#website\",\"url\":\"https:\/\/partidochega.pt\/\",\"name\":\"CHEGA\",\"description\":\"Partido Pol\u00edtico\",\"publisher\":{\"@id\":\"https:\/\/partidochega.pt\/#organization\"},\"potentialAction\":[{\"@type\":\"SearchAction\",\"target\":{\"@type\":\"EntryPoint\",\"urlTemplate\":\"https:\/\/partidochega.pt\/?s={search_term_string}\"},\"query-input\":\"required name=search_term_string\"}],\"inLanguage\":\"pt-PT\"},{\"@type\":\"Organization\",\"@id\":\"https:\/\/partidochega.pt\/#organization\",\"name\":\"Partido CHEGA\",\"url\":\"https:\/\/partidochega.pt\/\",\"logo\":{\"@type\":\"ImageObject\",\"inLanguage\":\"pt-PT\",\"@id\":\"https:\/\/partidochega.pt\/#\/schema\/logo\/image\/\",\"url\":\"https:\/\/partidochega.pt\/wp-content\/uploads\/2022\/05\/cropped-logo_chega.png\",\"contentUrl\":\"https:\/\/partidochega.pt\/wp-content\/uploads\/2022\/05\/cropped-logo_chega.png\",\"width\":512,\"height\":512,\"caption\":\"Partido CHEGA\"},\"image\":{\"@id\":\"https:\/\/partidochega.pt\/#\/schema\/logo\/image\/\"},\"sameAs\":[\"https:\/\/www.facebook.com\/PartidoChegaOficial\/\",\"https:\/\/twitter.com\/PartidoCHEGA\",\"https:\/\/www.youtube.com\/c\/CHEGATV\",\"https:\/\/www.instagram.com\/partidochega\/\",\"https:\/\/t.me\/PartidoCHEGA\"]},{\"@type\":\"Person\",\"@id\":\"https:\/\/partidochega.pt\/#\/schema\/person\/6d71d9993ec0d15ee5fd693553d8868f\",\"name\":\"Tome\",\"image\":{\"@type\":\"ImageObject\",\"inLanguage\":\"pt-PT\",\"@id\":\"https:\/\/partidochega.pt\/#\/schema\/person\/image\/\",\"url\":\"https:\/\/secure.gravatar.com\/avatar\/c1b5c868d06e723eb2b9b8b1c297dfb462d1035c7210315425bae370aa3bcc1a?s=96&d=mm&r=g\",\"contentUrl\":\"https:\/\/secure.gravatar.com\/avatar\/c1b5c868d06e723eb2b9b8b1c297dfb462d1035c7210315425bae370aa3bcc1a?s=96&d=mm&r=g\",\"caption\":\"Tome\"}}]}<\/script>\n<!-- \/ Yoast SEO plugin. -->","yoast_head_json":{"title":"A Import\u00e2ncia do Apoio Governamental ao Ensino Pr\u00e9-Escolar Privado e Social\u00a0em\u00a0Portugal - CHEGA Distrital de Coimbra","robots":{"index":"index","follow":"follow","max-snippet":"max-snippet:-1","max-image-preview":"max-image-preview:large","max-video-preview":"max-video-preview:-1"},"canonical":"https:\/\/partidochega.pt\/index.php\/2025\/03\/28\/a-importancia-do-apoio-governamental-ao-ensino-pre-escolar-privado-e-social-em-portugal\/","og_locale":"pt_PT","og_type":"article","og_title":"A Import\u00e2ncia do Apoio Governamental ao Ensino Pr\u00e9-Escolar Privado e Social\u00a0em\u00a0Portugal - CHEGA Distrital de Coimbra","og_description":"O Ensino Pr\u00e9-Escolar desempenha, no atual panorama educacional nacional, um papel fundamental no desenvolvimento cognitivo, social e emocional das crian\u00e7as, sendo um alicerce essencial para o seu sucesso futuro. No entanto, em Portugal, muitas Fam\u00edlias enfrentam dificuldades para garantir uma vaga para os seus filhos, quer por falta de oferta na rede p\u00fablica, quer pelos &hellip; Continuar a ler \"A Import\u00e2ncia do Apoio Governamental ao Ensino Pr\u00e9-Escolar Privado e Social\u00a0em\u00a0Portugal\"","og_url":"https:\/\/partidochega.pt\/index.php\/2025\/03\/28\/a-importancia-do-apoio-governamental-ao-ensino-pre-escolar-privado-e-social-em-portugal\/","og_site_name":"CHEGA","article_publisher":"https:\/\/www.facebook.com\/PartidoChegaOficial\/","article_published_time":"2025-03-28T13:38:50+00:00","og_image":[{"width":300,"height":400,"url":"https:\/\/partidochega.pt\/wp-content\/uploads\/2025\/03\/Imagem-WhatsApp-2025-03-28-as-10.28.23_9687190a.jpg","type":"image\/jpeg"}],"author":"Tome","twitter_card":"summary_large_image","twitter_creator":"@PartidoCHEGA","twitter_site":"@PartidoCHEGA","twitter_misc":{"Escrito por":"Tome","Tempo estimado de leitura":"3 minutos"},"schema":{"@context":"https:\/\/schema.org","@graph":[{"@type":"Article","@id":"https:\/\/partidochega.pt\/index.php\/2025\/03\/28\/a-importancia-do-apoio-governamental-ao-ensino-pre-escolar-privado-e-social-em-portugal\/#article","isPartOf":{"@id":"https:\/\/partidochega.pt\/index.php\/2025\/03\/28\/a-importancia-do-apoio-governamental-ao-ensino-pre-escolar-privado-e-social-em-portugal\/"},"author":{"name":"Tome","@id":"https:\/\/partidochega.pt\/#\/schema\/person\/6d71d9993ec0d15ee5fd693553d8868f"},"headline":"A Import\u00e2ncia do Apoio Governamental ao Ensino Pr\u00e9-Escolar Privado e Social\u00a0em\u00a0Portugal","datePublished":"2025-03-28T13:38:50+00:00","dateModified":"2025-03-28T13:38:50+00:00","mainEntityOfPage":{"@id":"https:\/\/partidochega.pt\/index.php\/2025\/03\/28\/a-importancia-do-apoio-governamental-ao-ensino-pre-escolar-privado-e-social-em-portugal\/"},"wordCount":445,"publisher":{"@id":"https:\/\/partidochega.pt\/#organization"},"articleSection":["Distrital de Coimbra"],"inLanguage":"pt-PT"},{"@type":"WebPage","@id":"https:\/\/partidochega.pt\/index.php\/2025\/03\/28\/a-importancia-do-apoio-governamental-ao-ensino-pre-escolar-privado-e-social-em-portugal\/","url":"https:\/\/partidochega.pt\/index.php\/2025\/03\/28\/a-importancia-do-apoio-governamental-ao-ensino-pre-escolar-privado-e-social-em-portugal\/","name":"A Import\u00e2ncia do Apoio Governamental ao Ensino Pr\u00e9-Escolar Privado e Social\u00a0em\u00a0Portugal - CHEGA Distrital de Coimbra","isPartOf":{"@id":"https:\/\/partidochega.pt\/#website"},"datePublished":"2025-03-28T13:38:50+00:00","dateModified":"2025-03-28T13:38:50+00:00","breadcrumb":{"@id":"https:\/\/partidochega.pt\/index.php\/2025\/03\/28\/a-importancia-do-apoio-governamental-ao-ensino-pre-escolar-privado-e-social-em-portugal\/#breadcrumb"},"inLanguage":"pt-PT","potentialAction":[{"@type":"ReadAction","target":["https:\/\/partidochega.pt\/index.php\/2025\/03\/28\/a-importancia-do-apoio-governamental-ao-ensino-pre-escolar-privado-e-social-em-portugal\/"]}]},{"@type":"BreadcrumbList","@id":"https:\/\/partidochega.pt\/index.php\/2025\/03\/28\/a-importancia-do-apoio-governamental-ao-ensino-pre-escolar-privado-e-social-em-portugal\/#breadcrumb","itemListElement":[{"@type":"ListItem","position":1,"name":"In\u00edcio","item":"https:\/\/partidochega.pt\/"},{"@type":"ListItem","position":2,"name":"A Import\u00e2ncia do Apoio Governamental ao Ensino Pr\u00e9-Escolar Privado e Social\u00a0em\u00a0Portugal"}]},{"@type":"WebSite","@id":"https:\/\/partidochega.pt\/#website","url":"https:\/\/partidochega.pt\/","name":"CHEGA","description":"Partido Pol\u00edtico","publisher":{"@id":"https:\/\/partidochega.pt\/#organization"},"potentialAction":[{"@type":"SearchAction","target":{"@type":"EntryPoint","urlTemplate":"https:\/\/partidochega.pt\/?s={search_term_string}"},"query-input":"required name=search_term_string"}],"inLanguage":"pt-PT"},{"@type":"Organization","@id":"https:\/\/partidochega.pt\/#organization","name":"Partido CHEGA","url":"https:\/\/partidochega.pt\/","logo":{"@type":"ImageObject","inLanguage":"pt-PT","@id":"https:\/\/partidochega.pt\/#\/schema\/logo\/image\/","url":"https:\/\/partidochega.pt\/wp-content\/uploads\/2022\/05\/cropped-logo_chega.png","contentUrl":"https:\/\/partidochega.pt\/wp-content\/uploads\/2022\/05\/cropped-logo_chega.png","width":512,"height":512,"caption":"Partido CHEGA"},"image":{"@id":"https:\/\/partidochega.pt\/#\/schema\/logo\/image\/"},"sameAs":["https:\/\/www.facebook.com\/PartidoChegaOficial\/","https:\/\/twitter.com\/PartidoCHEGA","https:\/\/www.youtube.com\/c\/CHEGATV","https:\/\/www.instagram.com\/partidochega\/","https:\/\/t.me\/PartidoCHEGA"]},{"@type":"Person","@id":"https:\/\/partidochega.pt\/#\/schema\/person\/6d71d9993ec0d15ee5fd693553d8868f","name":"Tome","image":{"@type":"ImageObject","inLanguage":"pt-PT","@id":"https:\/\/partidochega.pt\/#\/schema\/person\/image\/","url":"https:\/\/secure.gravatar.com\/avatar\/c1b5c868d06e723eb2b9b8b1c297dfb462d1035c7210315425bae370aa3bcc1a?s=96&d=mm&r=g","contentUrl":"https:\/\/secure.gravatar.com\/avatar\/c1b5c868d06e723eb2b9b8b1c297dfb462d1035c7210315425bae370aa3bcc1a?s=96&d=mm&r=g","caption":"Tome"}}]}},"_links":{"self":[{"href":"https:\/\/partidochega.pt\/index.php\/wp-json\/wp\/v2\/posts\/13029","targetHints":{"allow":["GET"]}}],"collection":[{"href":"https:\/\/partidochega.pt\/index.php\/wp-json\/wp\/v2\/posts"}],"about":[{"href":"https:\/\/partidochega.pt\/index.php\/wp-json\/wp\/v2\/types\/post"}],"author":[{"embeddable":true,"href":"https:\/\/partidochega.pt\/index.php\/wp-json\/wp\/v2\/users\/3"}],"replies":[{"embeddable":true,"href":"https:\/\/partidochega.pt\/index.php\/wp-json\/wp\/v2\/comments?post=13029"}],"version-history":[{"count":1,"href":"https:\/\/partidochega.pt\/index.php\/wp-json\/wp\/v2\/posts\/13029\/revisions"}],"predecessor-version":[{"id":13031,"href":"https:\/\/partidochega.pt\/index.php\/wp-json\/wp\/v2\/posts\/13029\/revisions\/13031"}],"wp:featuredmedia":[{"embeddable":true,"href":"https:\/\/partidochega.pt\/index.php\/wp-json\/wp\/v2\/media\/13030"}],"wp:attachment":[{"href":"https:\/\/partidochega.pt\/index.php\/wp-json\/wp\/v2\/media?parent=13029"}],"wp:term":[{"taxonomy":"category","embeddable":true,"href":"https:\/\/partidochega.pt\/index.php\/wp-json\/wp\/v2\/categories?post=13029"},{"taxonomy":"post_tag","embeddable":true,"href":"https:\/\/partidochega.pt\/index.php\/wp-json\/wp\/v2\/tags?post=13029"}],"curies":[{"name":"wp","href":"https:\/\/api.w.org\/{rel}","templated":true}]}}