{"id":14414,"date":"2026-03-03T16:23:51","date_gmt":"2026-03-03T16:23:51","guid":{"rendered":"https:\/\/partidochega.pt\/?p=14414"},"modified":"2026-03-10T16:25:32","modified_gmt":"2026-03-10T16:25:32","slug":"chega-reune-com-administracao-da-metro-mondego-para-esclarecimento-publico-sobre-funcionamento-do-metrobus","status":"publish","type":"post","link":"https:\/\/partidochega.pt\/index.php\/2026\/03\/03\/chega-reune-com-administracao-da-metro-mondego-para-esclarecimento-publico-sobre-funcionamento-do-metrobus\/","title":{"rendered":"CHEGA re\u00fane com administra\u00e7\u00e3o da Metro Mondego para esclarecimento p\u00fablico sobre funcionamento do Metrobus"},"content":{"rendered":"<p>No passado dia 25 de fevereiro, pelas 12h00, realizou-se, nas instala\u00e7\u00f5es da Metro Mondego, uma reuni\u00e3o entre a administra\u00e7\u00e3o da empresa e eleitos locais do Partido CHEGA.<br \/>\nA reuni\u00e3o teve como objetivo esclarecer todas as d\u00favidas, quest\u00f5es e reclama\u00e7\u00f5es que t\u00eam sido transmitidas por cidad\u00e3os relativamente ao funcionamento do sistema Metrobus.<br \/>\nA administra\u00e7\u00e3o da Metro Mondego, representada pelo Presidente, Eng. Jo\u00e3o Marrana, e pelo Vogal Executivo, Dr. Ricardo C\u00e2ndido, acedeu ao pedido com celeridade, tendo recebido a delega\u00e7\u00e3o com total disponibilidade para prestar esclarecimentos detalhados.<br \/>\nDurante a reuni\u00e3o foi feito um ponto de situa\u00e7\u00e3o completo do sistema, que entrou oficialmente em opera\u00e7\u00e3o a 16 de dezembro de 2025, assegurando a liga\u00e7\u00e3o entre Coimbra, Miranda do Corvo e Lous\u00e3, ao longo de 30 quil\u00f3metros e 27 esta\u00e7\u00f5es.<br \/>\nSegundo os respons\u00e1veis, cada ve\u00edculo transporta at\u00e9 136 passageiros, estando o sistema dimensionado para que todos os passageiros viagem sentados at\u00e9 Miranda do Corvo. Foi igualmente referido que os tempos de viagem s\u00e3o atualmente inferiores aos registados no modelo anterior e que se encontra assegurado transporte \u00e0s 00h30, garantindo resposta a trabalhadores por turnos, nomeadamente nos setores hospitalar e comercial.<br \/>\nRelativamente \u00e0 suspens\u00e3o tempor\u00e1ria do servi\u00e7o na sequ\u00eancia da depress\u00e3o \u201cKristin\u201d, a administra\u00e7\u00e3o explicou que as condi\u00e7\u00f5es meteorol\u00f3gicas extremas provocaram queda de \u00e1rvores na via, falhas el\u00e9tricas prolongadas, falhas de comunica\u00e7\u00f5es e danos estruturais na infraestrutura, n\u00e3o estando reunidas condi\u00e7\u00f5es de seguran\u00e7a para a opera\u00e7\u00e3o.<br \/>\nFoi referido que, durante esse per\u00edodo, chegaram a ser mobilizadas at\u00e9 cinco empresas de transporte em simult\u00e2neo, incluindo operadores privados e t\u00e1xi, de forma a garantir alternativas de mobilidade. Apesar de o servi\u00e7o ter sido assegurado com recurso a autocarros, foi considerado que houve presta\u00e7\u00e3o de servi\u00e7o, n\u00e3o estando prevista devolu\u00e7\u00e3o de passes.<br \/>\nA opera\u00e7\u00e3o regular foi retomada a 21 de fevereiro, \u00e0s 13h00, no tro\u00e7o entre Sobral de Ceira e Lous\u00e3-Esta\u00e7\u00e3o. No segmento entre Serpins e Lous\u00e3 mant\u00e9m-se servi\u00e7o alternativo devido a instabilidade de talude ao PK 33+700, estando a resolu\u00e7\u00e3o estrutural prevista para cerca de seis meses.<br \/>\nFoi ainda assumido o compromisso de realizar uma reuni\u00e3o p\u00fablica com a popula\u00e7\u00e3o de Serpins, em articula\u00e7\u00e3o com a Junta de Freguesia, bem como refor\u00e7ar os mecanismos de comunica\u00e7\u00e3o com os utentes, nomeadamente atrav\u00e9s de avisos sonoros nas esta\u00e7\u00f5es sempre que ocorram atrasos ou suspens\u00f5es tempor\u00e1rias.<br \/>\nSublinha-se que a iniciativa da reuni\u00e3o teve como prop\u00f3sito garantir transpar\u00eancia e informa\u00e7\u00e3o rigorosa aos cidad\u00e3os, defendendo simultaneamente os seus direitos e reconhecendo o esfor\u00e7o desenvolvido para assegurar a retoma de um sistema de mobilidade eficiente na regi\u00e3o, ap\u00f3s um longo per\u00edodo de interrup\u00e7\u00e3o.<br \/>\nO CHEGA informou que continuar\u00e1 a acompanhar de perto a evolu\u00e7\u00e3o do servi\u00e7o e o cumprimento dos compromissos assumidos.<br \/>\nAna Martins<br \/>\nChega &#8211; Assembleia Municipal de Coimbra<\/p>\n","protected":false},"excerpt":{"rendered":"<p>No passado dia 25 de fevereiro, pelas 12h00, realizou-se, nas instala\u00e7\u00f5es da Metro Mondego, uma reuni\u00e3o entre a administra\u00e7\u00e3o da empresa e eleitos locais do Partido CHEGA. A reuni\u00e3o teve como objetivo esclarecer todas as d\u00favidas, quest\u00f5es e reclama\u00e7\u00f5es que t\u00eam sido transmitidas por cidad\u00e3os relativamente ao funcionamento do sistema Metrobus. A administra\u00e7\u00e3o da Metro &hellip; <\/p>\n<p class=\"link-more\"><a href=\"https:\/\/partidochega.pt\/index.php\/2026\/03\/03\/chega-reune-com-administracao-da-metro-mondego-para-esclarecimento-publico-sobre-funcionamento-do-metrobus\/\" class=\"more-link\">Continuar a ler <span class=\"screen-reader-text\">&#8220;CHEGA re\u00fane com administra\u00e7\u00e3o da Metro Mondego para esclarecimento p\u00fablico sobre funcionamento do Metrobus&#8221;<\/span><\/a><\/p>\n","protected":false},"author":3,"featured_media":14415,"comment_status":"closed","ping_status":"open","sticky":false,"template":"","format":"standard","meta":{"footnotes":""},"categories":[28],"tags":[],"class_list":["post-14414","post","type-post","status-publish","format-standard","has-post-thumbnail","hentry","category-distrital-de-coimbra"],"yoast_head":"<!-- This site is optimized with the Yoast SEO plugin v21.5 - https:\/\/yoast.com\/wordpress\/plugins\/seo\/ -->\n<title>CHEGA re\u00fane com administra\u00e7\u00e3o da Metro Mondego para esclarecimento p\u00fablico sobre funcionamento do Metrobus - CHEGA Distrital de Coimbra<\/title>\n<meta name=\"robots\" content=\"index, follow, max-snippet:-1, max-image-preview:large, max-video-preview:-1\" \/>\n<link rel=\"canonical\" href=\"https:\/\/partidochega.pt\/index.php\/2026\/03\/03\/chega-reune-com-administracao-da-metro-mondego-para-esclarecimento-publico-sobre-funcionamento-do-metrobus\/\" \/>\n<meta property=\"og:locale\" content=\"pt_PT\" \/>\n<meta property=\"og:type\" content=\"article\" \/>\n<meta property=\"og:title\" content=\"CHEGA re\u00fane com administra\u00e7\u00e3o da Metro Mondego para esclarecimento p\u00fablico sobre funcionamento do Metrobus - CHEGA Distrital de Coimbra\" \/>\n<meta property=\"og:description\" content=\"No passado dia 25 de fevereiro, pelas 12h00, realizou-se, nas instala\u00e7\u00f5es da Metro Mondego, uma reuni\u00e3o entre a administra\u00e7\u00e3o da empresa e eleitos locais do Partido CHEGA. A reuni\u00e3o teve como objetivo esclarecer todas as d\u00favidas, quest\u00f5es e reclama\u00e7\u00f5es que t\u00eam sido transmitidas por cidad\u00e3os relativamente ao funcionamento do sistema Metrobus. A administra\u00e7\u00e3o da Metro &hellip; Continuar a ler &quot;CHEGA re\u00fane com administra\u00e7\u00e3o da Metro Mondego para esclarecimento p\u00fablico sobre funcionamento do Metrobus&quot;\" \/>\n<meta property=\"og:url\" content=\"https:\/\/partidochega.pt\/index.php\/2026\/03\/03\/chega-reune-com-administracao-da-metro-mondego-para-esclarecimento-publico-sobre-funcionamento-do-metrobus\/\" \/>\n<meta property=\"og:site_name\" content=\"CHEGA\" \/>\n<meta property=\"article:publisher\" content=\"https:\/\/www.facebook.com\/PartidoChegaOficial\/\" \/>\n<meta property=\"article:published_time\" content=\"2026-03-03T16:23:51+00:00\" \/>\n<meta property=\"article:modified_time\" content=\"2026-03-10T16:25:32+00:00\" \/>\n<meta property=\"og:image\" content=\"https:\/\/partidochega.pt\/wp-content\/uploads\/2026\/03\/1f4dc230-d2ba-40fc-924a-9b3866fb3704.jpg\" \/>\n\t<meta property=\"og:image:width\" content=\"960\" \/>\n\t<meta property=\"og:image:height\" content=\"671\" \/>\n\t<meta property=\"og:image:type\" content=\"image\/jpeg\" \/>\n<meta name=\"author\" content=\"Tome\" \/>\n<meta name=\"twitter:card\" content=\"summary_large_image\" \/>\n<meta name=\"twitter:creator\" content=\"@PartidoCHEGA\" \/>\n<meta name=\"twitter:site\" content=\"@PartidoCHEGA\" \/>\n<meta name=\"twitter:label1\" content=\"Escrito por\" \/>\n\t<meta name=\"twitter:data1\" content=\"Tome\" \/>\n\t<meta name=\"twitter:label2\" content=\"Tempo estimado de leitura\" \/>\n\t<meta name=\"twitter:data2\" content=\"3 minutos\" \/>\n<script type=\"application\/ld+json\" class=\"yoast-schema-graph\">{\"@context\":\"https:\/\/schema.org\",\"@graph\":[{\"@type\":\"Article\",\"@id\":\"https:\/\/partidochega.pt\/index.php\/2026\/03\/03\/chega-reune-com-administracao-da-metro-mondego-para-esclarecimento-publico-sobre-funcionamento-do-metrobus\/#article\",\"isPartOf\":{\"@id\":\"https:\/\/partidochega.pt\/index.php\/2026\/03\/03\/chega-reune-com-administracao-da-metro-mondego-para-esclarecimento-publico-sobre-funcionamento-do-metrobus\/\"},\"author\":{\"name\":\"Tome\",\"@id\":\"https:\/\/partidochega.pt\/#\/schema\/person\/6d71d9993ec0d15ee5fd693553d8868f\"},\"headline\":\"CHEGA re\u00fane com administra\u00e7\u00e3o da Metro Mondego para esclarecimento p\u00fablico sobre funcionamento do Metrobus\",\"datePublished\":\"2026-03-03T16:23:51+00:00\",\"dateModified\":\"2026-03-10T16:25:32+00:00\",\"mainEntityOfPage\":{\"@id\":\"https:\/\/partidochega.pt\/index.php\/2026\/03\/03\/chega-reune-com-administracao-da-metro-mondego-para-esclarecimento-publico-sobre-funcionamento-do-metrobus\/\"},\"wordCount\":528,\"publisher\":{\"@id\":\"https:\/\/partidochega.pt\/#organization\"},\"articleSection\":[\"Distrital de Coimbra\"],\"inLanguage\":\"pt-PT\"},{\"@type\":\"WebPage\",\"@id\":\"https:\/\/partidochega.pt\/index.php\/2026\/03\/03\/chega-reune-com-administracao-da-metro-mondego-para-esclarecimento-publico-sobre-funcionamento-do-metrobus\/\",\"url\":\"https:\/\/partidochega.pt\/index.php\/2026\/03\/03\/chega-reune-com-administracao-da-metro-mondego-para-esclarecimento-publico-sobre-funcionamento-do-metrobus\/\",\"name\":\"CHEGA re\u00fane com administra\u00e7\u00e3o da Metro Mondego para esclarecimento p\u00fablico sobre funcionamento do Metrobus - CHEGA Distrital de Coimbra\",\"isPartOf\":{\"@id\":\"https:\/\/partidochega.pt\/#website\"},\"datePublished\":\"2026-03-03T16:23:51+00:00\",\"dateModified\":\"2026-03-10T16:25:32+00:00\",\"breadcrumb\":{\"@id\":\"https:\/\/partidochega.pt\/index.php\/2026\/03\/03\/chega-reune-com-administracao-da-metro-mondego-para-esclarecimento-publico-sobre-funcionamento-do-metrobus\/#breadcrumb\"},\"inLanguage\":\"pt-PT\",\"potentialAction\":[{\"@type\":\"ReadAction\",\"target\":[\"https:\/\/partidochega.pt\/index.php\/2026\/03\/03\/chega-reune-com-administracao-da-metro-mondego-para-esclarecimento-publico-sobre-funcionamento-do-metrobus\/\"]}]},{\"@type\":\"BreadcrumbList\",\"@id\":\"https:\/\/partidochega.pt\/index.php\/2026\/03\/03\/chega-reune-com-administracao-da-metro-mondego-para-esclarecimento-publico-sobre-funcionamento-do-metrobus\/#breadcrumb\",\"itemListElement\":[{\"@type\":\"ListItem\",\"position\":1,\"name\":\"In\u00edcio\",\"item\":\"https:\/\/partidochega.pt\/\"},{\"@type\":\"ListItem\",\"position\":2,\"name\":\"CHEGA re\u00fane com administra\u00e7\u00e3o da Metro Mondego para esclarecimento p\u00fablico sobre funcionamento do Metrobus\"}]},{\"@type\":\"WebSite\",\"@id\":\"https:\/\/partidochega.pt\/#website\",\"url\":\"https:\/\/partidochega.pt\/\",\"name\":\"CHEGA\",\"description\":\"Partido Pol\u00edtico\",\"publisher\":{\"@id\":\"https:\/\/partidochega.pt\/#organization\"},\"potentialAction\":[{\"@type\":\"SearchAction\",\"target\":{\"@type\":\"EntryPoint\",\"urlTemplate\":\"https:\/\/partidochega.pt\/?s={search_term_string}\"},\"query-input\":\"required name=search_term_string\"}],\"inLanguage\":\"pt-PT\"},{\"@type\":\"Organization\",\"@id\":\"https:\/\/partidochega.pt\/#organization\",\"name\":\"Partido CHEGA\",\"url\":\"https:\/\/partidochega.pt\/\",\"logo\":{\"@type\":\"ImageObject\",\"inLanguage\":\"pt-PT\",\"@id\":\"https:\/\/partidochega.pt\/#\/schema\/logo\/image\/\",\"url\":\"https:\/\/partidochega.pt\/wp-content\/uploads\/2022\/05\/cropped-logo_chega.png\",\"contentUrl\":\"https:\/\/partidochega.pt\/wp-content\/uploads\/2022\/05\/cropped-logo_chega.png\",\"width\":512,\"height\":512,\"caption\":\"Partido CHEGA\"},\"image\":{\"@id\":\"https:\/\/partidochega.pt\/#\/schema\/logo\/image\/\"},\"sameAs\":[\"https:\/\/www.facebook.com\/PartidoChegaOficial\/\",\"https:\/\/twitter.com\/PartidoCHEGA\",\"https:\/\/www.youtube.com\/c\/CHEGATV\",\"https:\/\/www.instagram.com\/partidochega\/\",\"https:\/\/t.me\/PartidoCHEGA\"]},{\"@type\":\"Person\",\"@id\":\"https:\/\/partidochega.pt\/#\/schema\/person\/6d71d9993ec0d15ee5fd693553d8868f\",\"name\":\"Tome\",\"image\":{\"@type\":\"ImageObject\",\"inLanguage\":\"pt-PT\",\"@id\":\"https:\/\/partidochega.pt\/#\/schema\/person\/image\/\",\"url\":\"https:\/\/secure.gravatar.com\/avatar\/c1b5c868d06e723eb2b9b8b1c297dfb462d1035c7210315425bae370aa3bcc1a?s=96&d=mm&r=g\",\"contentUrl\":\"https:\/\/secure.gravatar.com\/avatar\/c1b5c868d06e723eb2b9b8b1c297dfb462d1035c7210315425bae370aa3bcc1a?s=96&d=mm&r=g\",\"caption\":\"Tome\"}}]}<\/script>\n<!-- \/ Yoast SEO plugin. -->","yoast_head_json":{"title":"CHEGA re\u00fane com administra\u00e7\u00e3o da Metro Mondego para esclarecimento p\u00fablico sobre funcionamento do Metrobus - CHEGA Distrital de Coimbra","robots":{"index":"index","follow":"follow","max-snippet":"max-snippet:-1","max-image-preview":"max-image-preview:large","max-video-preview":"max-video-preview:-1"},"canonical":"https:\/\/partidochega.pt\/index.php\/2026\/03\/03\/chega-reune-com-administracao-da-metro-mondego-para-esclarecimento-publico-sobre-funcionamento-do-metrobus\/","og_locale":"pt_PT","og_type":"article","og_title":"CHEGA re\u00fane com administra\u00e7\u00e3o da Metro Mondego para esclarecimento p\u00fablico sobre funcionamento do Metrobus - CHEGA Distrital de Coimbra","og_description":"No passado dia 25 de fevereiro, pelas 12h00, realizou-se, nas instala\u00e7\u00f5es da Metro Mondego, uma reuni\u00e3o entre a administra\u00e7\u00e3o da empresa e eleitos locais do Partido CHEGA. A reuni\u00e3o teve como objetivo esclarecer todas as d\u00favidas, quest\u00f5es e reclama\u00e7\u00f5es que t\u00eam sido transmitidas por cidad\u00e3os relativamente ao funcionamento do sistema Metrobus. A administra\u00e7\u00e3o da Metro &hellip; Continuar a ler \"CHEGA re\u00fane com administra\u00e7\u00e3o da Metro Mondego para esclarecimento p\u00fablico sobre funcionamento do Metrobus\"","og_url":"https:\/\/partidochega.pt\/index.php\/2026\/03\/03\/chega-reune-com-administracao-da-metro-mondego-para-esclarecimento-publico-sobre-funcionamento-do-metrobus\/","og_site_name":"CHEGA","article_publisher":"https:\/\/www.facebook.com\/PartidoChegaOficial\/","article_published_time":"2026-03-03T16:23:51+00:00","article_modified_time":"2026-03-10T16:25:32+00:00","og_image":[{"width":960,"height":671,"url":"https:\/\/partidochega.pt\/wp-content\/uploads\/2026\/03\/1f4dc230-d2ba-40fc-924a-9b3866fb3704.jpg","type":"image\/jpeg"}],"author":"Tome","twitter_card":"summary_large_image","twitter_creator":"@PartidoCHEGA","twitter_site":"@PartidoCHEGA","twitter_misc":{"Escrito por":"Tome","Tempo estimado de leitura":"3 minutos"},"schema":{"@context":"https:\/\/schema.org","@graph":[{"@type":"Article","@id":"https:\/\/partidochega.pt\/index.php\/2026\/03\/03\/chega-reune-com-administracao-da-metro-mondego-para-esclarecimento-publico-sobre-funcionamento-do-metrobus\/#article","isPartOf":{"@id":"https:\/\/partidochega.pt\/index.php\/2026\/03\/03\/chega-reune-com-administracao-da-metro-mondego-para-esclarecimento-publico-sobre-funcionamento-do-metrobus\/"},"author":{"name":"Tome","@id":"https:\/\/partidochega.pt\/#\/schema\/person\/6d71d9993ec0d15ee5fd693553d8868f"},"headline":"CHEGA re\u00fane com administra\u00e7\u00e3o da Metro Mondego para esclarecimento p\u00fablico sobre funcionamento do Metrobus","datePublished":"2026-03-03T16:23:51+00:00","dateModified":"2026-03-10T16:25:32+00:00","mainEntityOfPage":{"@id":"https:\/\/partidochega.pt\/index.php\/2026\/03\/03\/chega-reune-com-administracao-da-metro-mondego-para-esclarecimento-publico-sobre-funcionamento-do-metrobus\/"},"wordCount":528,"publisher":{"@id":"https:\/\/partidochega.pt\/#organization"},"articleSection":["Distrital de Coimbra"],"inLanguage":"pt-PT"},{"@type":"WebPage","@id":"https:\/\/partidochega.pt\/index.php\/2026\/03\/03\/chega-reune-com-administracao-da-metro-mondego-para-esclarecimento-publico-sobre-funcionamento-do-metrobus\/","url":"https:\/\/partidochega.pt\/index.php\/2026\/03\/03\/chega-reune-com-administracao-da-metro-mondego-para-esclarecimento-publico-sobre-funcionamento-do-metrobus\/","name":"CHEGA re\u00fane com administra\u00e7\u00e3o da Metro Mondego para esclarecimento p\u00fablico sobre funcionamento do Metrobus - CHEGA Distrital de Coimbra","isPartOf":{"@id":"https:\/\/partidochega.pt\/#website"},"datePublished":"2026-03-03T16:23:51+00:00","dateModified":"2026-03-10T16:25:32+00:00","breadcrumb":{"@id":"https:\/\/partidochega.pt\/index.php\/2026\/03\/03\/chega-reune-com-administracao-da-metro-mondego-para-esclarecimento-publico-sobre-funcionamento-do-metrobus\/#breadcrumb"},"inLanguage":"pt-PT","potentialAction":[{"@type":"ReadAction","target":["https:\/\/partidochega.pt\/index.php\/2026\/03\/03\/chega-reune-com-administracao-da-metro-mondego-para-esclarecimento-publico-sobre-funcionamento-do-metrobus\/"]}]},{"@type":"BreadcrumbList","@id":"https:\/\/partidochega.pt\/index.php\/2026\/03\/03\/chega-reune-com-administracao-da-metro-mondego-para-esclarecimento-publico-sobre-funcionamento-do-metrobus\/#breadcrumb","itemListElement":[{"@type":"ListItem","position":1,"name":"In\u00edcio","item":"https:\/\/partidochega.pt\/"},{"@type":"ListItem","position":2,"name":"CHEGA re\u00fane com administra\u00e7\u00e3o da Metro Mondego para esclarecimento p\u00fablico sobre funcionamento do Metrobus"}]},{"@type":"WebSite","@id":"https:\/\/partidochega.pt\/#website","url":"https:\/\/partidochega.pt\/","name":"CHEGA","description":"Partido Pol\u00edtico","publisher":{"@id":"https:\/\/partidochega.pt\/#organization"},"potentialAction":[{"@type":"SearchAction","target":{"@type":"EntryPoint","urlTemplate":"https:\/\/partidochega.pt\/?s={search_term_string}"},"query-input":"required name=search_term_string"}],"inLanguage":"pt-PT"},{"@type":"Organization","@id":"https:\/\/partidochega.pt\/#organization","name":"Partido CHEGA","url":"https:\/\/partidochega.pt\/","logo":{"@type":"ImageObject","inLanguage":"pt-PT","@id":"https:\/\/partidochega.pt\/#\/schema\/logo\/image\/","url":"https:\/\/partidochega.pt\/wp-content\/uploads\/2022\/05\/cropped-logo_chega.png","contentUrl":"https:\/\/partidochega.pt\/wp-content\/uploads\/2022\/05\/cropped-logo_chega.png","width":512,"height":512,"caption":"Partido CHEGA"},"image":{"@id":"https:\/\/partidochega.pt\/#\/schema\/logo\/image\/"},"sameAs":["https:\/\/www.facebook.com\/PartidoChegaOficial\/","https:\/\/twitter.com\/PartidoCHEGA","https:\/\/www.youtube.com\/c\/CHEGATV","https:\/\/www.instagram.com\/partidochega\/","https:\/\/t.me\/PartidoCHEGA"]},{"@type":"Person","@id":"https:\/\/partidochega.pt\/#\/schema\/person\/6d71d9993ec0d15ee5fd693553d8868f","name":"Tome","image":{"@type":"ImageObject","inLanguage":"pt-PT","@id":"https:\/\/partidochega.pt\/#\/schema\/person\/image\/","url":"https:\/\/secure.gravatar.com\/avatar\/c1b5c868d06e723eb2b9b8b1c297dfb462d1035c7210315425bae370aa3bcc1a?s=96&d=mm&r=g","contentUrl":"https:\/\/secure.gravatar.com\/avatar\/c1b5c868d06e723eb2b9b8b1c297dfb462d1035c7210315425bae370aa3bcc1a?s=96&d=mm&r=g","caption":"Tome"}}]}},"_links":{"self":[{"href":"https:\/\/partidochega.pt\/index.php\/wp-json\/wp\/v2\/posts\/14414","targetHints":{"allow":["GET"]}}],"collection":[{"href":"https:\/\/partidochega.pt\/index.php\/wp-json\/wp\/v2\/posts"}],"about":[{"href":"https:\/\/partidochega.pt\/index.php\/wp-json\/wp\/v2\/types\/post"}],"author":[{"embeddable":true,"href":"https:\/\/partidochega.pt\/index.php\/wp-json\/wp\/v2\/users\/3"}],"replies":[{"embeddable":true,"href":"https:\/\/partidochega.pt\/index.php\/wp-json\/wp\/v2\/comments?post=14414"}],"version-history":[{"count":1,"href":"https:\/\/partidochega.pt\/index.php\/wp-json\/wp\/v2\/posts\/14414\/revisions"}],"predecessor-version":[{"id":14416,"href":"https:\/\/partidochega.pt\/index.php\/wp-json\/wp\/v2\/posts\/14414\/revisions\/14416"}],"wp:featuredmedia":[{"embeddable":true,"href":"https:\/\/partidochega.pt\/index.php\/wp-json\/wp\/v2\/media\/14415"}],"wp:attachment":[{"href":"https:\/\/partidochega.pt\/index.php\/wp-json\/wp\/v2\/media?parent=14414"}],"wp:term":[{"taxonomy":"category","embeddable":true,"href":"https:\/\/partidochega.pt\/index.php\/wp-json\/wp\/v2\/categories?post=14414"},{"taxonomy":"post_tag","embeddable":true,"href":"https:\/\/partidochega.pt\/index.php\/wp-json\/wp\/v2\/tags?post=14414"}],"curies":[{"name":"wp","href":"https:\/\/api.w.org\/{rel}","templated":true}]}}