{"id":14675,"date":"2026-04-27T21:12:19","date_gmt":"2026-04-27T20:12:19","guid":{"rendered":"https:\/\/partidochega.pt\/?p=14675"},"modified":"2026-04-27T21:12:19","modified_gmt":"2026-04-27T20:12:19","slug":"sessao-comemorativa-do-25-de-abril-na-assembleia-municipal-de-condeixa-a-nova-deputado-municipal-antonio-duarte","status":"publish","type":"post","link":"https:\/\/partidochega.pt\/index.php\/2026\/04\/27\/sessao-comemorativa-do-25-de-abril-na-assembleia-municipal-de-condeixa-a-nova-deputado-municipal-antonio-duarte\/","title":{"rendered":"Sess\u00e3o Comemorativa do 25 de Abril na Assembleia Municipal de Condeixa-a-Nova &#8211; Deputado Municipal Ant\u00f3nio Duarte"},"content":{"rendered":"<p>Senhor Presidente da Assembleia Municipal,<br \/>\nSenhora Presidente da C\u00e2mara Municipal,<br \/>\nSenhores Vereadores e Eleitos de Freguesia,<br \/>\nConterr\u00e2neos, Senhoras e Senhores,<\/p>\n<p>Celebramos hoje o 25 de Abril. Celebramos a Liberdade. Celebramos o dia em que o f\u00f4lego da democracia chegou a cada rua, a cada lugar e a cada freguesia do nosso concelho, pondo fim a um regime que limitava o pensamento e impedia os portugueses de serem donos do seu pr\u00f3prio destino.<br \/>\nO 25 de Abril foi o momento fundador da nossa vida comum em democracia. Foi o abrir de portas que permitiu a Condeixa deixar de ser uma vila silenciosa para se tornar um concelho din\u00e2mico, onde a voz de cada cidad\u00e3o conta.<br \/>\nMas celebrar o 25 de Abril em Condeixa n\u00e3o pode ser apenas repetir uma narrativa fechada ou ideol\u00f3gica. Esta data n\u00e3o tem dono. O 25 de Abril n\u00e3o pertence a uma cor pol\u00edtica, n\u00e3o pertence a elites, nem a Lisboa. Pertence ao povo. Pertence aos homens e mulheres de Condeixa que, ao longo de cinco d\u00e9cadas, trabalharam a terra, ergueram empresas e constru\u00edram as nossas institui\u00e7\u00f5es.<br \/>\nPor isso, hoje, devemos perguntar com honestidade: Estamos a honrar verdadeiramente o esp\u00edrito de abril aqui, na nossa casa?<br \/>\nO esp\u00edrito de abril n\u00e3o \u00e9 apenas uma liberdade te\u00f3rica, de papel. \u00c9 a liberdade real.<br \/>\n\u00c9 a liberdade para trabalhar com dignidade.<br \/>\n\u00c9 a liberdade para empreender e criar valor sem o peso asfixiante da burocracia.<br \/>\n\u00c9 a liberdade de viver com seguran\u00e7a, sem medo de andar nas nossas ruas.<br \/>\nE, acima de tudo, \u00e9 a liberdade de discordar e de dizer o que se pensa, sem receio de r\u00f3tulos ou de &#8220;censuras sociais&#8221; que, infelizmente, ainda teimam em persistir.<br \/>\nHoje, 52 anos depois, temos de reconhecer que para muitos condeixenses essa liberdade parece incompleta.<br \/>\nVemos jovens de Condeixa, qualificados e cheios de potencial, que n\u00e3o conseguem encontrar habita\u00e7\u00e3o no seu concelho ou construir aqui o seu futuro, sendo empurrados para longe das suas ra\u00edzes.<br \/>\nVemos fam\u00edlias que trabalham arduamente, mas que sentem que o Estado \u2013 e por vezes o poder local \u2013 lhes pede cada vez mais em impostos e taxas, devolvendo cada vez menos em servi\u00e7os e qualidade de vida.<br \/>\nSenhoras e Senhores,<br \/>\nO 25 de Abril n\u00e3o foi feito para criar novos privil\u00e9gios. N\u00e3o foi feito para criar uma classe pol\u00edtica distante, fechada nos gabinetes, que olha para os cidad\u00e3os apenas como n\u00fameros ou eleitores de quatro em quatro anos.<br \/>\nFoi feito para devolver o poder \u00e0s pessoas.<br \/>\nE esse \u00e9 o compromisso que renovamos hoje nesta Sess\u00e3o Solene.<br \/>\nHonrar abril em Condeixa \u00e9 lutar contra o centralismo que ainda nos asfixia. \u00c9 exigir que as decis\u00f5es que afetam a nossa terra sejam tomadas com base nas necessidades reais de quem aqui vive, e n\u00e3o em diretivas distantes.<br \/>\nHonrar abril \u00e9 garantir que a nossa democracia local \u00e9 plural. \u00c9 aceitar que quem pensa diferente n\u00e3o \u00e9 um inimigo, mas algu\u00e9m que contribui para o debate. Porque democracia sem pluralismo \u00e9 apenas uma fachada.<br \/>\nQueremos um concelho onde trabalhar compense. Onde quem investe em Condeixa se sinta apoiado e n\u00e3o perseguido por entraves administrativos. Queremos um Portugal \u2013 e uma Condeixa \u2013 que respeite quem paga as contas e quem sustenta o pa\u00eds.<br \/>\nSenhoras e Senhores,<br \/>\nA melhor forma de honrarmos esta data n\u00e3o \u00e9 apenas olhar para as fotos a preto e branco de 1974. \u00c9 projetar o futuro a cores.<br \/>\n\u00c9 garantir que a liberdade conquistada n\u00e3o se degrada na indiferen\u00e7a.<br \/>\nE n\u00e3o podemos, com rigor hist\u00f3rico e honestidade intelectual, celebrar abril sem mencionar novembro. N\u00e3o podemos esquecer que a democracia pluralista que hoje vivemos nesta sala s\u00f3 foi plenamente resgatada a 25 de novembro de 1975.<\/p>\n<p>Foi nesse momento que Portugal escolheu, de forma definitiva, a democracia representativa e o Estado de Direito. Sem o 25 de novembro, o 25 de Abril poderia ter sido apenas a troca de uma ditadura por outra. Com o 25 de novembro, abril tornou-se, finalmente, liberdade plena para todos.<br \/>\nConcluindo,<br \/>\nO 25 de Abril \u00e9 um compromisso permanente. Em Condeixa-a-Nova, esse compromisso cumpre-se na proximidade, na transpar\u00eancia e no respeito pela vontade popular.<br \/>\nTrabalhemos para que Condeixa seja sempre uma terra de oportunidades, de seguran\u00e7a e de liberdade real. Para que os nossos filhos n\u00e3o tenham de sair daqui para serem livres e pr\u00f3speros.<br \/>\nViva a Liberdade.<br \/>\nViva Condeixa-a-Nova.<br \/>\nViva Portugal.<\/p>\n<p>25\/04\/2026<br \/>\nAnt\u00f3nio Duarte<br \/>\n(Deputado Municipal de Condeixa-a-Nova)<\/p>\n","protected":false},"excerpt":{"rendered":"<p>Senhor Presidente da Assembleia Municipal, Senhora Presidente da C\u00e2mara Municipal, Senhores Vereadores e Eleitos de Freguesia, Conterr\u00e2neos, Senhoras e Senhores, Celebramos hoje o 25 de Abril. Celebramos a Liberdade. Celebramos o dia em que o f\u00f4lego da democracia chegou a cada rua, a cada lugar e a cada freguesia do nosso concelho, pondo fim a &hellip; <\/p>\n<p class=\"link-more\"><a href=\"https:\/\/partidochega.pt\/index.php\/2026\/04\/27\/sessao-comemorativa-do-25-de-abril-na-assembleia-municipal-de-condeixa-a-nova-deputado-municipal-antonio-duarte\/\" class=\"more-link\">Continuar a ler <span class=\"screen-reader-text\">&#8220;Sess\u00e3o Comemorativa do 25 de Abril na Assembleia Municipal de Condeixa-a-Nova &#8211; Deputado Municipal Ant\u00f3nio Duarte&#8221;<\/span><\/a><\/p>\n","protected":false},"author":3,"featured_media":14676,"comment_status":"closed","ping_status":"open","sticky":false,"template":"","format":"standard","meta":{"footnotes":""},"categories":[28],"tags":[],"class_list":["post-14675","post","type-post","status-publish","format-standard","has-post-thumbnail","hentry","category-distrital-de-coimbra"],"yoast_head":"<!-- This site is optimized with the Yoast SEO plugin v21.5 - https:\/\/yoast.com\/wordpress\/plugins\/seo\/ -->\n<title>Sess\u00e3o Comemorativa do 25 de Abril na Assembleia Municipal de Condeixa-a-Nova - Deputado Municipal Ant\u00f3nio Duarte - CHEGA Distrital de Coimbra<\/title>\n<meta name=\"robots\" content=\"index, follow, max-snippet:-1, max-image-preview:large, max-video-preview:-1\" \/>\n<link rel=\"canonical\" href=\"https:\/\/partidochega.pt\/index.php\/2026\/04\/27\/sessao-comemorativa-do-25-de-abril-na-assembleia-municipal-de-condeixa-a-nova-deputado-municipal-antonio-duarte\/\" \/>\n<meta property=\"og:locale\" content=\"pt_PT\" \/>\n<meta property=\"og:type\" content=\"article\" \/>\n<meta property=\"og:title\" content=\"Sess\u00e3o Comemorativa do 25 de Abril na Assembleia Municipal de Condeixa-a-Nova - Deputado Municipal Ant\u00f3nio Duarte - CHEGA Distrital de Coimbra\" \/>\n<meta property=\"og:description\" content=\"Senhor Presidente da Assembleia Municipal, Senhora Presidente da C\u00e2mara Municipal, Senhores Vereadores e Eleitos de Freguesia, Conterr\u00e2neos, Senhoras e Senhores, Celebramos hoje o 25 de Abril. Celebramos a Liberdade. Celebramos o dia em que o f\u00f4lego da democracia chegou a cada rua, a cada lugar e a cada freguesia do nosso concelho, pondo fim a &hellip; Continuar a ler &quot;Sess\u00e3o Comemorativa do 25 de Abril na Assembleia Municipal de Condeixa-a-Nova &#8211; Deputado Municipal Ant\u00f3nio Duarte&quot;\" \/>\n<meta property=\"og:url\" content=\"https:\/\/partidochega.pt\/index.php\/2026\/04\/27\/sessao-comemorativa-do-25-de-abril-na-assembleia-municipal-de-condeixa-a-nova-deputado-municipal-antonio-duarte\/\" \/>\n<meta property=\"og:site_name\" content=\"CHEGA\" \/>\n<meta property=\"article:publisher\" content=\"https:\/\/www.facebook.com\/PartidoChegaOficial\/\" \/>\n<meta property=\"article:published_time\" content=\"2026-04-27T20:12:19+00:00\" \/>\n<meta property=\"og:image\" content=\"https:\/\/partidochega.pt\/wp-content\/uploads\/2026\/04\/934b2a2c-a9b4-4ad9-9e1b-f16b2aef2de2.jpg\" \/>\n\t<meta property=\"og:image:width\" content=\"1600\" \/>\n\t<meta property=\"og:image:height\" content=\"1066\" \/>\n\t<meta property=\"og:image:type\" content=\"image\/jpeg\" \/>\n<meta name=\"author\" content=\"Tome\" \/>\n<meta name=\"twitter:card\" content=\"summary_large_image\" \/>\n<meta name=\"twitter:creator\" content=\"@PartidoCHEGA\" \/>\n<meta name=\"twitter:site\" content=\"@PartidoCHEGA\" \/>\n<meta name=\"twitter:label1\" content=\"Escrito por\" \/>\n\t<meta name=\"twitter:data1\" content=\"Tome\" \/>\n\t<meta name=\"twitter:label2\" content=\"Tempo estimado de leitura\" \/>\n\t<meta name=\"twitter:data2\" content=\"5 minutos\" \/>\n<script type=\"application\/ld+json\" class=\"yoast-schema-graph\">{\"@context\":\"https:\/\/schema.org\",\"@graph\":[{\"@type\":\"Article\",\"@id\":\"https:\/\/partidochega.pt\/index.php\/2026\/04\/27\/sessao-comemorativa-do-25-de-abril-na-assembleia-municipal-de-condeixa-a-nova-deputado-municipal-antonio-duarte\/#article\",\"isPartOf\":{\"@id\":\"https:\/\/partidochega.pt\/index.php\/2026\/04\/27\/sessao-comemorativa-do-25-de-abril-na-assembleia-municipal-de-condeixa-a-nova-deputado-municipal-antonio-duarte\/\"},\"author\":{\"name\":\"Tome\",\"@id\":\"https:\/\/partidochega.pt\/#\/schema\/person\/6d71d9993ec0d15ee5fd693553d8868f\"},\"headline\":\"Sess\u00e3o Comemorativa do 25 de Abril na Assembleia Municipal de Condeixa-a-Nova &#8211; Deputado Municipal Ant\u00f3nio Duarte\",\"datePublished\":\"2026-04-27T20:12:19+00:00\",\"dateModified\":\"2026-04-27T20:12:19+00:00\",\"mainEntityOfPage\":{\"@id\":\"https:\/\/partidochega.pt\/index.php\/2026\/04\/27\/sessao-comemorativa-do-25-de-abril-na-assembleia-municipal-de-condeixa-a-nova-deputado-municipal-antonio-duarte\/\"},\"wordCount\":762,\"publisher\":{\"@id\":\"https:\/\/partidochega.pt\/#organization\"},\"articleSection\":[\"Distrital de Coimbra\"],\"inLanguage\":\"pt-PT\"},{\"@type\":\"WebPage\",\"@id\":\"https:\/\/partidochega.pt\/index.php\/2026\/04\/27\/sessao-comemorativa-do-25-de-abril-na-assembleia-municipal-de-condeixa-a-nova-deputado-municipal-antonio-duarte\/\",\"url\":\"https:\/\/partidochega.pt\/index.php\/2026\/04\/27\/sessao-comemorativa-do-25-de-abril-na-assembleia-municipal-de-condeixa-a-nova-deputado-municipal-antonio-duarte\/\",\"name\":\"Sess\u00e3o Comemorativa do 25 de Abril na Assembleia Municipal de Condeixa-a-Nova - Deputado Municipal Ant\u00f3nio Duarte - CHEGA Distrital de Coimbra\",\"isPartOf\":{\"@id\":\"https:\/\/partidochega.pt\/#website\"},\"datePublished\":\"2026-04-27T20:12:19+00:00\",\"dateModified\":\"2026-04-27T20:12:19+00:00\",\"breadcrumb\":{\"@id\":\"https:\/\/partidochega.pt\/index.php\/2026\/04\/27\/sessao-comemorativa-do-25-de-abril-na-assembleia-municipal-de-condeixa-a-nova-deputado-municipal-antonio-duarte\/#breadcrumb\"},\"inLanguage\":\"pt-PT\",\"potentialAction\":[{\"@type\":\"ReadAction\",\"target\":[\"https:\/\/partidochega.pt\/index.php\/2026\/04\/27\/sessao-comemorativa-do-25-de-abril-na-assembleia-municipal-de-condeixa-a-nova-deputado-municipal-antonio-duarte\/\"]}]},{\"@type\":\"BreadcrumbList\",\"@id\":\"https:\/\/partidochega.pt\/index.php\/2026\/04\/27\/sessao-comemorativa-do-25-de-abril-na-assembleia-municipal-de-condeixa-a-nova-deputado-municipal-antonio-duarte\/#breadcrumb\",\"itemListElement\":[{\"@type\":\"ListItem\",\"position\":1,\"name\":\"In\u00edcio\",\"item\":\"https:\/\/partidochega.pt\/\"},{\"@type\":\"ListItem\",\"position\":2,\"name\":\"Sess\u00e3o Comemorativa do 25 de Abril na Assembleia Municipal de Condeixa-a-Nova &#8211; Deputado Municipal Ant\u00f3nio Duarte\"}]},{\"@type\":\"WebSite\",\"@id\":\"https:\/\/partidochega.pt\/#website\",\"url\":\"https:\/\/partidochega.pt\/\",\"name\":\"CHEGA\",\"description\":\"Partido Pol\u00edtico\",\"publisher\":{\"@id\":\"https:\/\/partidochega.pt\/#organization\"},\"potentialAction\":[{\"@type\":\"SearchAction\",\"target\":{\"@type\":\"EntryPoint\",\"urlTemplate\":\"https:\/\/partidochega.pt\/?s={search_term_string}\"},\"query-input\":\"required name=search_term_string\"}],\"inLanguage\":\"pt-PT\"},{\"@type\":\"Organization\",\"@id\":\"https:\/\/partidochega.pt\/#organization\",\"name\":\"Partido CHEGA\",\"url\":\"https:\/\/partidochega.pt\/\",\"logo\":{\"@type\":\"ImageObject\",\"inLanguage\":\"pt-PT\",\"@id\":\"https:\/\/partidochega.pt\/#\/schema\/logo\/image\/\",\"url\":\"https:\/\/partidochega.pt\/wp-content\/uploads\/2022\/05\/cropped-logo_chega.png\",\"contentUrl\":\"https:\/\/partidochega.pt\/wp-content\/uploads\/2022\/05\/cropped-logo_chega.png\",\"width\":512,\"height\":512,\"caption\":\"Partido CHEGA\"},\"image\":{\"@id\":\"https:\/\/partidochega.pt\/#\/schema\/logo\/image\/\"},\"sameAs\":[\"https:\/\/www.facebook.com\/PartidoChegaOficial\/\",\"https:\/\/twitter.com\/PartidoCHEGA\",\"https:\/\/www.youtube.com\/c\/CHEGATV\",\"https:\/\/www.instagram.com\/partidochega\/\",\"https:\/\/t.me\/PartidoCHEGA\"]},{\"@type\":\"Person\",\"@id\":\"https:\/\/partidochega.pt\/#\/schema\/person\/6d71d9993ec0d15ee5fd693553d8868f\",\"name\":\"Tome\",\"image\":{\"@type\":\"ImageObject\",\"inLanguage\":\"pt-PT\",\"@id\":\"https:\/\/partidochega.pt\/#\/schema\/person\/image\/\",\"url\":\"https:\/\/secure.gravatar.com\/avatar\/c1b5c868d06e723eb2b9b8b1c297dfb462d1035c7210315425bae370aa3bcc1a?s=96&d=mm&r=g\",\"contentUrl\":\"https:\/\/secure.gravatar.com\/avatar\/c1b5c868d06e723eb2b9b8b1c297dfb462d1035c7210315425bae370aa3bcc1a?s=96&d=mm&r=g\",\"caption\":\"Tome\"}}]}<\/script>\n<!-- \/ Yoast SEO plugin. -->","yoast_head_json":{"title":"Sess\u00e3o Comemorativa do 25 de Abril na Assembleia Municipal de Condeixa-a-Nova - Deputado Municipal Ant\u00f3nio Duarte - CHEGA Distrital de Coimbra","robots":{"index":"index","follow":"follow","max-snippet":"max-snippet:-1","max-image-preview":"max-image-preview:large","max-video-preview":"max-video-preview:-1"},"canonical":"https:\/\/partidochega.pt\/index.php\/2026\/04\/27\/sessao-comemorativa-do-25-de-abril-na-assembleia-municipal-de-condeixa-a-nova-deputado-municipal-antonio-duarte\/","og_locale":"pt_PT","og_type":"article","og_title":"Sess\u00e3o Comemorativa do 25 de Abril na Assembleia Municipal de Condeixa-a-Nova - Deputado Municipal Ant\u00f3nio Duarte - CHEGA Distrital de Coimbra","og_description":"Senhor Presidente da Assembleia Municipal, Senhora Presidente da C\u00e2mara Municipal, Senhores Vereadores e Eleitos de Freguesia, Conterr\u00e2neos, Senhoras e Senhores, Celebramos hoje o 25 de Abril. Celebramos a Liberdade. Celebramos o dia em que o f\u00f4lego da democracia chegou a cada rua, a cada lugar e a cada freguesia do nosso concelho, pondo fim a &hellip; Continuar a ler \"Sess\u00e3o Comemorativa do 25 de Abril na Assembleia Municipal de Condeixa-a-Nova &#8211; Deputado Municipal Ant\u00f3nio Duarte\"","og_url":"https:\/\/partidochega.pt\/index.php\/2026\/04\/27\/sessao-comemorativa-do-25-de-abril-na-assembleia-municipal-de-condeixa-a-nova-deputado-municipal-antonio-duarte\/","og_site_name":"CHEGA","article_publisher":"https:\/\/www.facebook.com\/PartidoChegaOficial\/","article_published_time":"2026-04-27T20:12:19+00:00","og_image":[{"width":1600,"height":1066,"url":"https:\/\/partidochega.pt\/wp-content\/uploads\/2026\/04\/934b2a2c-a9b4-4ad9-9e1b-f16b2aef2de2.jpg","type":"image\/jpeg"}],"author":"Tome","twitter_card":"summary_large_image","twitter_creator":"@PartidoCHEGA","twitter_site":"@PartidoCHEGA","twitter_misc":{"Escrito por":"Tome","Tempo estimado de leitura":"5 minutos"},"schema":{"@context":"https:\/\/schema.org","@graph":[{"@type":"Article","@id":"https:\/\/partidochega.pt\/index.php\/2026\/04\/27\/sessao-comemorativa-do-25-de-abril-na-assembleia-municipal-de-condeixa-a-nova-deputado-municipal-antonio-duarte\/#article","isPartOf":{"@id":"https:\/\/partidochega.pt\/index.php\/2026\/04\/27\/sessao-comemorativa-do-25-de-abril-na-assembleia-municipal-de-condeixa-a-nova-deputado-municipal-antonio-duarte\/"},"author":{"name":"Tome","@id":"https:\/\/partidochega.pt\/#\/schema\/person\/6d71d9993ec0d15ee5fd693553d8868f"},"headline":"Sess\u00e3o Comemorativa do 25 de Abril na Assembleia Municipal de Condeixa-a-Nova &#8211; Deputado Municipal Ant\u00f3nio Duarte","datePublished":"2026-04-27T20:12:19+00:00","dateModified":"2026-04-27T20:12:19+00:00","mainEntityOfPage":{"@id":"https:\/\/partidochega.pt\/index.php\/2026\/04\/27\/sessao-comemorativa-do-25-de-abril-na-assembleia-municipal-de-condeixa-a-nova-deputado-municipal-antonio-duarte\/"},"wordCount":762,"publisher":{"@id":"https:\/\/partidochega.pt\/#organization"},"articleSection":["Distrital de Coimbra"],"inLanguage":"pt-PT"},{"@type":"WebPage","@id":"https:\/\/partidochega.pt\/index.php\/2026\/04\/27\/sessao-comemorativa-do-25-de-abril-na-assembleia-municipal-de-condeixa-a-nova-deputado-municipal-antonio-duarte\/","url":"https:\/\/partidochega.pt\/index.php\/2026\/04\/27\/sessao-comemorativa-do-25-de-abril-na-assembleia-municipal-de-condeixa-a-nova-deputado-municipal-antonio-duarte\/","name":"Sess\u00e3o Comemorativa do 25 de Abril na Assembleia Municipal de Condeixa-a-Nova - Deputado Municipal Ant\u00f3nio Duarte - CHEGA Distrital de Coimbra","isPartOf":{"@id":"https:\/\/partidochega.pt\/#website"},"datePublished":"2026-04-27T20:12:19+00:00","dateModified":"2026-04-27T20:12:19+00:00","breadcrumb":{"@id":"https:\/\/partidochega.pt\/index.php\/2026\/04\/27\/sessao-comemorativa-do-25-de-abril-na-assembleia-municipal-de-condeixa-a-nova-deputado-municipal-antonio-duarte\/#breadcrumb"},"inLanguage":"pt-PT","potentialAction":[{"@type":"ReadAction","target":["https:\/\/partidochega.pt\/index.php\/2026\/04\/27\/sessao-comemorativa-do-25-de-abril-na-assembleia-municipal-de-condeixa-a-nova-deputado-municipal-antonio-duarte\/"]}]},{"@type":"BreadcrumbList","@id":"https:\/\/partidochega.pt\/index.php\/2026\/04\/27\/sessao-comemorativa-do-25-de-abril-na-assembleia-municipal-de-condeixa-a-nova-deputado-municipal-antonio-duarte\/#breadcrumb","itemListElement":[{"@type":"ListItem","position":1,"name":"In\u00edcio","item":"https:\/\/partidochega.pt\/"},{"@type":"ListItem","position":2,"name":"Sess\u00e3o Comemorativa do 25 de Abril na Assembleia Municipal de Condeixa-a-Nova &#8211; Deputado Municipal Ant\u00f3nio Duarte"}]},{"@type":"WebSite","@id":"https:\/\/partidochega.pt\/#website","url":"https:\/\/partidochega.pt\/","name":"CHEGA","description":"Partido Pol\u00edtico","publisher":{"@id":"https:\/\/partidochega.pt\/#organization"},"potentialAction":[{"@type":"SearchAction","target":{"@type":"EntryPoint","urlTemplate":"https:\/\/partidochega.pt\/?s={search_term_string}"},"query-input":"required name=search_term_string"}],"inLanguage":"pt-PT"},{"@type":"Organization","@id":"https:\/\/partidochega.pt\/#organization","name":"Partido CHEGA","url":"https:\/\/partidochega.pt\/","logo":{"@type":"ImageObject","inLanguage":"pt-PT","@id":"https:\/\/partidochega.pt\/#\/schema\/logo\/image\/","url":"https:\/\/partidochega.pt\/wp-content\/uploads\/2022\/05\/cropped-logo_chega.png","contentUrl":"https:\/\/partidochega.pt\/wp-content\/uploads\/2022\/05\/cropped-logo_chega.png","width":512,"height":512,"caption":"Partido CHEGA"},"image":{"@id":"https:\/\/partidochega.pt\/#\/schema\/logo\/image\/"},"sameAs":["https:\/\/www.facebook.com\/PartidoChegaOficial\/","https:\/\/twitter.com\/PartidoCHEGA","https:\/\/www.youtube.com\/c\/CHEGATV","https:\/\/www.instagram.com\/partidochega\/","https:\/\/t.me\/PartidoCHEGA"]},{"@type":"Person","@id":"https:\/\/partidochega.pt\/#\/schema\/person\/6d71d9993ec0d15ee5fd693553d8868f","name":"Tome","image":{"@type":"ImageObject","inLanguage":"pt-PT","@id":"https:\/\/partidochega.pt\/#\/schema\/person\/image\/","url":"https:\/\/secure.gravatar.com\/avatar\/c1b5c868d06e723eb2b9b8b1c297dfb462d1035c7210315425bae370aa3bcc1a?s=96&d=mm&r=g","contentUrl":"https:\/\/secure.gravatar.com\/avatar\/c1b5c868d06e723eb2b9b8b1c297dfb462d1035c7210315425bae370aa3bcc1a?s=96&d=mm&r=g","caption":"Tome"}}]}},"_links":{"self":[{"href":"https:\/\/partidochega.pt\/index.php\/wp-json\/wp\/v2\/posts\/14675","targetHints":{"allow":["GET"]}}],"collection":[{"href":"https:\/\/partidochega.pt\/index.php\/wp-json\/wp\/v2\/posts"}],"about":[{"href":"https:\/\/partidochega.pt\/index.php\/wp-json\/wp\/v2\/types\/post"}],"author":[{"embeddable":true,"href":"https:\/\/partidochega.pt\/index.php\/wp-json\/wp\/v2\/users\/3"}],"replies":[{"embeddable":true,"href":"https:\/\/partidochega.pt\/index.php\/wp-json\/wp\/v2\/comments?post=14675"}],"version-history":[{"count":1,"href":"https:\/\/partidochega.pt\/index.php\/wp-json\/wp\/v2\/posts\/14675\/revisions"}],"predecessor-version":[{"id":14677,"href":"https:\/\/partidochega.pt\/index.php\/wp-json\/wp\/v2\/posts\/14675\/revisions\/14677"}],"wp:featuredmedia":[{"embeddable":true,"href":"https:\/\/partidochega.pt\/index.php\/wp-json\/wp\/v2\/media\/14676"}],"wp:attachment":[{"href":"https:\/\/partidochega.pt\/index.php\/wp-json\/wp\/v2\/media?parent=14675"}],"wp:term":[{"taxonomy":"category","embeddable":true,"href":"https:\/\/partidochega.pt\/index.php\/wp-json\/wp\/v2\/categories?post=14675"},{"taxonomy":"post_tag","embeddable":true,"href":"https:\/\/partidochega.pt\/index.php\/wp-json\/wp\/v2\/tags?post=14675"}],"curies":[{"name":"wp","href":"https:\/\/api.w.org\/{rel}","templated":true}]}}