{"id":14678,"date":"2026-04-27T21:13:26","date_gmt":"2026-04-27T20:13:26","guid":{"rendered":"https:\/\/partidochega.pt\/?p=14678"},"modified":"2026-04-27T21:13:26","modified_gmt":"2026-04-27T20:13:26","slug":"sessao-comemorativa-do-25-de-abril-na-assembleia-municipal-da-figueira-da-foz-deputada-municipal-balbina-oliveira","status":"publish","type":"post","link":"https:\/\/partidochega.pt\/index.php\/2026\/04\/27\/sessao-comemorativa-do-25-de-abril-na-assembleia-municipal-da-figueira-da-foz-deputada-municipal-balbina-oliveira\/","title":{"rendered":"Sess\u00e3o Comemorativa do 25 de Abril na Assembleia Municipal da Figueira da Foz &#8211; Deputada Municipal Balbina Oliveira"},"content":{"rendered":"<p>Exmo. Senhor Presidente da Assembleia Municipal da Figueira da Foz<br \/>\nEng. Jos\u00e9 Duarte Pereira<br \/>\nSess\u00e3o Solene 25 de Abril<br \/>\nSenhor Presidente da Assembleia Municipal,<br \/>\nSenhoras e Senhores Deputados,<\/p>\n<p>Todos os anos ouvimos exatamente os mesmos discursos sobre o 25 de Abril.<br \/>\nAs mesmas palavras, as mesmas palmas, os mesmos protagonistas de sempre a tentar dar li\u00e7\u00f5es de democracia aos outros.<br \/>\nQuase parece um ritual ensaiado. Um momento em que alguns sobem a esta tribuna para repetir frases bonitas sobre liberdade, democracia e povo \u2014 mas que muitas vezes passam o resto do ano a ignorar aquilo que o povo realmente diz.<br \/>\nE por isso come\u00e7o com algo simples:<br \/>\nO 25 de Abril n\u00e3o pertence a nenhum partido.<br \/>\nN\u00e3o pertence \u00e0 esquerda.<br \/>\nN\u00e3o pertence \u00e0 direita.<br \/>\nN\u00e3o pertence a nenhum grupo pol\u00edtico que se ache dono da hist\u00f3ria.<br \/>\nA liberdade conquistada em 1974 n\u00e3o foi feita para servir apenas uma parte do espectro pol\u00edtico. Foi feita para todos os portugueses \u2014 incluindo aqueles que hoje ousam pensar diferente.<br \/>\nDurante d\u00e9cadas tentaram transformar o 25 de Abril num s\u00edmbolo exclusivo de uma determinada vis\u00e3o ideol\u00f3gica. Como se quem n\u00e3o alinhar com essa vis\u00e3o fosse automaticamente menos democrata.<br \/>\nMas a verdadeira democracia mede-se precisamente pelo contr\u00e1rio.<br \/>\nMede-se pela capacidade de aceitar vozes inc\u00f3modas.<br \/>\nMede-se pela capacidade de ouvir cr\u00edticas.<br \/>\nMede-se pela capacidade de tolerar quem discorda.<br \/>\nE infelizmente, em Portugal ainda h\u00e1 quem tenha muita dificuldade em lidar com isso.<br \/>\nH\u00e1 quem fale muito de liberdade\u2026 mas fique profundamente incomodado quando aparecem partidos ou cidad\u00e3os que dizem aquilo que muitos preferiam n\u00e3o ouvir.<br \/>\nH\u00e1 quem celebre abril\u2026 mas depois passe o resto do ano a tentar deslegitimar quem pensa diferente.<br \/>\nE isso, sejamos claros, n\u00e3o \u00e9 liberdade.<br \/>\nIsso \u00e9 apenas hipocrisia pol\u00edtica com cravos na lapela.<br \/>\nFalo hoje tamb\u00e9m como uma jovem mulher de 29 anos.<br \/>\nUma gera\u00e7\u00e3o que j\u00e1 nasceu em democracia.<br \/>\nUma gera\u00e7\u00e3o que cresceu a ouvir que Portugal tinha um enorme potencial.<br \/>\nMas tamb\u00e9m uma gera\u00e7\u00e3o que come\u00e7a a fazer perguntas inc\u00f3modas.<br \/>\nOnde est\u00e1 o futuro que nos prometeram?<br \/>\nTemos jovens que trabalham e continuam sem conseguir comprar casa.<br \/>\nTemos fam\u00edlias a lutar todos os meses para pagar renda.<br \/>\nTemos uma gera\u00e7\u00e3o inteira a adiar filhos, projetos e sonhos porque simplesmente n\u00e3o tem condi\u00e7\u00f5es para os concretizar.<br \/>\nE depois vemos milhares de jovens portugueses a fazer as malas e a sair do pa\u00eds.<br \/>\nN\u00e3o porque n\u00e3o amem Portugal \u2014 mas porque Portugal muitas vezes parece n\u00e3o lhes dar espa\u00e7o para construir aqui a sua vida.<br \/>\nE enquanto isto acontece, continuamos a ouvir discursos cheios de moral de quem governa ou governou durante d\u00e9cadas.<br \/>\nDiscursos de quem fala de abril como se fosse uma medalha permanente\u2026 mas que teve tempo suficiente para resolver muitos dos problemas que hoje existem \u2014 e n\u00e3o resolveu.<br \/>\nA verdade \u00e9 que para muitos portugueses a democracia come\u00e7ou cheia de esperan\u00e7a\u2026 mas hoje \u00e9 muitas vezes vista com frustra\u00e7\u00e3o.<br \/>\nPorque a liberdade de votar de quatro em quatro anos n\u00e3o chega quando as pessoas sentem que a sua vida n\u00e3o melhora.<br \/>\nE \u00e9 aqui que entra a minha gera\u00e7\u00e3o.<br \/>\nA gera\u00e7\u00e3o que j\u00e1 n\u00e3o se contenta com discursos bonitos uma vez por ano.<br \/>\nA gera\u00e7\u00e3o que pergunta:<br \/>\nporque \u00e9 que Portugal continua sempre com o potencial\u2026 mas nunca chega ao resultado?<br \/>\nPorque \u00e9 que continuamos a ser um pa\u00eds onde trabalhar n\u00e3o chega para viver com tranquilidade?<br \/>\nPorque \u00e9 que continuamos a ser um pa\u00eds onde tantos jovens t\u00eam de sair para ter as oportunidades que n\u00e3o encontram aqui?<br \/>\nE quando algu\u00e9m levanta estas perguntas\u2026 aparecem logo os guardi\u00f5es da moral pol\u00edtica a dizer que isso \u00e9 populismo, que isso \u00e9 radical, que isso \u00e9 perigoso.<br \/>\nMas perigoso \u00e9 ignorar aquilo que as pessoas sentem.<br \/>\nPerigoso \u00e9 fingir que est\u00e1 tudo bem quando cada vez mais portugueses se sentem afastados da pol\u00edtica.<br \/>\nSe o 25 de Abril significou devolver o pa\u00eds ao povo, ent\u00e3o est\u00e1 na hora de voltar a ouvir esse povo.<br \/>\nOuvir o que dizem nas ruas.<br \/>\nOuvir o que dizem nas fam\u00edlias.<br \/>\nOuvir o que dizem aqueles que j\u00e1 perderam a paci\u00eancia para discursos vazios.<br \/>\nPorque a democracia n\u00e3o \u00e9 um ritual anual.<br \/>\nA democracia \u00e9 confronto de ideias.<br \/>\n\u00c9 debate.<br \/>\n\u00c9 aceitar que num pa\u00eds livre v\u00e3o existir opini\u00f5es diferentes \u2014 at\u00e9 opini\u00f5es que incomodam profundamente quem est\u00e1 habituado a dominar o debate p\u00fablico.<br \/>\nE talvez seja isso que hoje esteja a acontecer em Portugal.<br \/>\nUma nova gera\u00e7\u00e3o que j\u00e1 n\u00e3o aceita simplesmente repetir os discursos de sempre.<br \/>\nUma gera\u00e7\u00e3o que n\u00e3o quer apenas celebrar abril.<br \/>\nQuer cumprir abril.<br \/>\nCumprir a promessa de um pa\u00eds onde quem trabalha consegue viver com dignidade.<br \/>\nCumprir a promessa de um pa\u00eds onde os jovens t\u00eam futuro.<br \/>\nCumprir a promessa de uma democracia onde todas as opini\u00f5es contam \u2014 n\u00e3o apenas as que s\u00e3o politicamente confort\u00e1veis.<br \/>\nPorque a democracia n\u00e3o se mede pelo n\u00famero de cravos que se colocam na lapela.<br \/>\nMede-se pela coragem de aceitar que num pa\u00eds livre nem todos t\u00eam de pensar<br \/>\nda mesma maneira.<br \/>\nE talvez seja essa a prova de maturidade democr\u00e1tica que Portugal ainda precisa<br \/>\nde assumir.<br \/>\nMuito obrigada.<\/p>\n<p>25\/04\/2026<br \/>\nJo\u00e3o Salt\u00e3o, Balbina Oliveira, Ant\u00f3nio Sebasti\u00e3o e Nuno Santos<br \/>\n(Deputados Municipais da Figueira da Foz)<\/p>\n","protected":false},"excerpt":{"rendered":"<p>Exmo. Senhor Presidente da Assembleia Municipal da Figueira da Foz Eng. Jos\u00e9 Duarte Pereira Sess\u00e3o Solene 25 de Abril Senhor Presidente da Assembleia Municipal, Senhoras e Senhores Deputados, Todos os anos ouvimos exatamente os mesmos discursos sobre o 25 de Abril. As mesmas palavras, as mesmas palmas, os mesmos protagonistas de sempre a tentar dar &hellip; <\/p>\n<p class=\"link-more\"><a href=\"https:\/\/partidochega.pt\/index.php\/2026\/04\/27\/sessao-comemorativa-do-25-de-abril-na-assembleia-municipal-da-figueira-da-foz-deputada-municipal-balbina-oliveira\/\" class=\"more-link\">Continuar a ler <span class=\"screen-reader-text\">&#8220;Sess\u00e3o Comemorativa do 25 de Abril na Assembleia Municipal da Figueira da Foz &#8211; Deputada Municipal Balbina Oliveira&#8221;<\/span><\/a><\/p>\n","protected":false},"author":3,"featured_media":14679,"comment_status":"closed","ping_status":"open","sticky":false,"template":"","format":"standard","meta":{"footnotes":""},"categories":[28],"tags":[],"class_list":["post-14678","post","type-post","status-publish","format-standard","has-post-thumbnail","hentry","category-distrital-de-coimbra"],"yoast_head":"<!-- This site is optimized with the Yoast SEO plugin v21.5 - https:\/\/yoast.com\/wordpress\/plugins\/seo\/ -->\n<title>Sess\u00e3o Comemorativa do 25 de Abril na Assembleia Municipal da Figueira da Foz - Deputada Municipal Balbina Oliveira - CHEGA Distrital de Coimbra<\/title>\n<meta name=\"robots\" content=\"index, follow, max-snippet:-1, max-image-preview:large, max-video-preview:-1\" \/>\n<link rel=\"canonical\" href=\"https:\/\/partidochega.pt\/index.php\/2026\/04\/27\/sessao-comemorativa-do-25-de-abril-na-assembleia-municipal-da-figueira-da-foz-deputada-municipal-balbina-oliveira\/\" \/>\n<meta property=\"og:locale\" content=\"pt_PT\" \/>\n<meta property=\"og:type\" content=\"article\" \/>\n<meta property=\"og:title\" content=\"Sess\u00e3o Comemorativa do 25 de Abril na Assembleia Municipal da Figueira da Foz - Deputada Municipal Balbina Oliveira - CHEGA Distrital de Coimbra\" \/>\n<meta property=\"og:description\" content=\"Exmo. Senhor Presidente da Assembleia Municipal da Figueira da Foz Eng. Jos\u00e9 Duarte Pereira Sess\u00e3o Solene 25 de Abril Senhor Presidente da Assembleia Municipal, Senhoras e Senhores Deputados, Todos os anos ouvimos exatamente os mesmos discursos sobre o 25 de Abril. As mesmas palavras, as mesmas palmas, os mesmos protagonistas de sempre a tentar dar &hellip; Continuar a ler &quot;Sess\u00e3o Comemorativa do 25 de Abril na Assembleia Municipal da Figueira da Foz &#8211; Deputada Municipal Balbina Oliveira&quot;\" \/>\n<meta property=\"og:url\" content=\"https:\/\/partidochega.pt\/index.php\/2026\/04\/27\/sessao-comemorativa-do-25-de-abril-na-assembleia-municipal-da-figueira-da-foz-deputada-municipal-balbina-oliveira\/\" \/>\n<meta property=\"og:site_name\" content=\"CHEGA\" \/>\n<meta property=\"article:publisher\" content=\"https:\/\/www.facebook.com\/PartidoChegaOficial\/\" \/>\n<meta property=\"article:published_time\" content=\"2026-04-27T20:13:26+00:00\" \/>\n<meta property=\"og:image\" content=\"https:\/\/partidochega.pt\/wp-content\/uploads\/2026\/04\/WhatsApp-Image-2026-04-27-at-19.55.13.jpeg\" \/>\n\t<meta property=\"og:image:width\" content=\"720\" \/>\n\t<meta property=\"og:image:height\" content=\"720\" \/>\n\t<meta property=\"og:image:type\" content=\"image\/jpeg\" \/>\n<meta name=\"author\" content=\"Tome\" \/>\n<meta name=\"twitter:card\" content=\"summary_large_image\" \/>\n<meta name=\"twitter:creator\" content=\"@PartidoCHEGA\" \/>\n<meta name=\"twitter:site\" content=\"@PartidoCHEGA\" \/>\n<meta name=\"twitter:label1\" content=\"Escrito por\" \/>\n\t<meta name=\"twitter:data1\" content=\"Tome\" \/>\n\t<meta name=\"twitter:label2\" content=\"Tempo estimado de leitura\" \/>\n\t<meta name=\"twitter:data2\" content=\"5 minutos\" \/>\n<script type=\"application\/ld+json\" class=\"yoast-schema-graph\">{\"@context\":\"https:\/\/schema.org\",\"@graph\":[{\"@type\":\"Article\",\"@id\":\"https:\/\/partidochega.pt\/index.php\/2026\/04\/27\/sessao-comemorativa-do-25-de-abril-na-assembleia-municipal-da-figueira-da-foz-deputada-municipal-balbina-oliveira\/#article\",\"isPartOf\":{\"@id\":\"https:\/\/partidochega.pt\/index.php\/2026\/04\/27\/sessao-comemorativa-do-25-de-abril-na-assembleia-municipal-da-figueira-da-foz-deputada-municipal-balbina-oliveira\/\"},\"author\":{\"name\":\"Tome\",\"@id\":\"https:\/\/partidochega.pt\/#\/schema\/person\/6d71d9993ec0d15ee5fd693553d8868f\"},\"headline\":\"Sess\u00e3o Comemorativa do 25 de Abril na Assembleia Municipal da Figueira da Foz &#8211; Deputada Municipal Balbina Oliveira\",\"datePublished\":\"2026-04-27T20:13:26+00:00\",\"dateModified\":\"2026-04-27T20:13:26+00:00\",\"mainEntityOfPage\":{\"@id\":\"https:\/\/partidochega.pt\/index.php\/2026\/04\/27\/sessao-comemorativa-do-25-de-abril-na-assembleia-municipal-da-figueira-da-foz-deputada-municipal-balbina-oliveira\/\"},\"wordCount\":940,\"publisher\":{\"@id\":\"https:\/\/partidochega.pt\/#organization\"},\"articleSection\":[\"Distrital de Coimbra\"],\"inLanguage\":\"pt-PT\"},{\"@type\":\"WebPage\",\"@id\":\"https:\/\/partidochega.pt\/index.php\/2026\/04\/27\/sessao-comemorativa-do-25-de-abril-na-assembleia-municipal-da-figueira-da-foz-deputada-municipal-balbina-oliveira\/\",\"url\":\"https:\/\/partidochega.pt\/index.php\/2026\/04\/27\/sessao-comemorativa-do-25-de-abril-na-assembleia-municipal-da-figueira-da-foz-deputada-municipal-balbina-oliveira\/\",\"name\":\"Sess\u00e3o Comemorativa do 25 de Abril na Assembleia Municipal da Figueira da Foz - Deputada Municipal Balbina Oliveira - CHEGA Distrital de Coimbra\",\"isPartOf\":{\"@id\":\"https:\/\/partidochega.pt\/#website\"},\"datePublished\":\"2026-04-27T20:13:26+00:00\",\"dateModified\":\"2026-04-27T20:13:26+00:00\",\"breadcrumb\":{\"@id\":\"https:\/\/partidochega.pt\/index.php\/2026\/04\/27\/sessao-comemorativa-do-25-de-abril-na-assembleia-municipal-da-figueira-da-foz-deputada-municipal-balbina-oliveira\/#breadcrumb\"},\"inLanguage\":\"pt-PT\",\"potentialAction\":[{\"@type\":\"ReadAction\",\"target\":[\"https:\/\/partidochega.pt\/index.php\/2026\/04\/27\/sessao-comemorativa-do-25-de-abril-na-assembleia-municipal-da-figueira-da-foz-deputada-municipal-balbina-oliveira\/\"]}]},{\"@type\":\"BreadcrumbList\",\"@id\":\"https:\/\/partidochega.pt\/index.php\/2026\/04\/27\/sessao-comemorativa-do-25-de-abril-na-assembleia-municipal-da-figueira-da-foz-deputada-municipal-balbina-oliveira\/#breadcrumb\",\"itemListElement\":[{\"@type\":\"ListItem\",\"position\":1,\"name\":\"In\u00edcio\",\"item\":\"https:\/\/partidochega.pt\/\"},{\"@type\":\"ListItem\",\"position\":2,\"name\":\"Sess\u00e3o Comemorativa do 25 de Abril na Assembleia Municipal da Figueira da Foz &#8211; Deputada Municipal Balbina Oliveira\"}]},{\"@type\":\"WebSite\",\"@id\":\"https:\/\/partidochega.pt\/#website\",\"url\":\"https:\/\/partidochega.pt\/\",\"name\":\"CHEGA\",\"description\":\"Partido Pol\u00edtico\",\"publisher\":{\"@id\":\"https:\/\/partidochega.pt\/#organization\"},\"potentialAction\":[{\"@type\":\"SearchAction\",\"target\":{\"@type\":\"EntryPoint\",\"urlTemplate\":\"https:\/\/partidochega.pt\/?s={search_term_string}\"},\"query-input\":\"required name=search_term_string\"}],\"inLanguage\":\"pt-PT\"},{\"@type\":\"Organization\",\"@id\":\"https:\/\/partidochega.pt\/#organization\",\"name\":\"Partido CHEGA\",\"url\":\"https:\/\/partidochega.pt\/\",\"logo\":{\"@type\":\"ImageObject\",\"inLanguage\":\"pt-PT\",\"@id\":\"https:\/\/partidochega.pt\/#\/schema\/logo\/image\/\",\"url\":\"https:\/\/partidochega.pt\/wp-content\/uploads\/2022\/05\/cropped-logo_chega.png\",\"contentUrl\":\"https:\/\/partidochega.pt\/wp-content\/uploads\/2022\/05\/cropped-logo_chega.png\",\"width\":512,\"height\":512,\"caption\":\"Partido CHEGA\"},\"image\":{\"@id\":\"https:\/\/partidochega.pt\/#\/schema\/logo\/image\/\"},\"sameAs\":[\"https:\/\/www.facebook.com\/PartidoChegaOficial\/\",\"https:\/\/twitter.com\/PartidoCHEGA\",\"https:\/\/www.youtube.com\/c\/CHEGATV\",\"https:\/\/www.instagram.com\/partidochega\/\",\"https:\/\/t.me\/PartidoCHEGA\"]},{\"@type\":\"Person\",\"@id\":\"https:\/\/partidochega.pt\/#\/schema\/person\/6d71d9993ec0d15ee5fd693553d8868f\",\"name\":\"Tome\",\"image\":{\"@type\":\"ImageObject\",\"inLanguage\":\"pt-PT\",\"@id\":\"https:\/\/partidochega.pt\/#\/schema\/person\/image\/\",\"url\":\"https:\/\/secure.gravatar.com\/avatar\/c1b5c868d06e723eb2b9b8b1c297dfb462d1035c7210315425bae370aa3bcc1a?s=96&d=mm&r=g\",\"contentUrl\":\"https:\/\/secure.gravatar.com\/avatar\/c1b5c868d06e723eb2b9b8b1c297dfb462d1035c7210315425bae370aa3bcc1a?s=96&d=mm&r=g\",\"caption\":\"Tome\"}}]}<\/script>\n<!-- \/ Yoast SEO plugin. -->","yoast_head_json":{"title":"Sess\u00e3o Comemorativa do 25 de Abril na Assembleia Municipal da Figueira da Foz - Deputada Municipal Balbina Oliveira - CHEGA Distrital de Coimbra","robots":{"index":"index","follow":"follow","max-snippet":"max-snippet:-1","max-image-preview":"max-image-preview:large","max-video-preview":"max-video-preview:-1"},"canonical":"https:\/\/partidochega.pt\/index.php\/2026\/04\/27\/sessao-comemorativa-do-25-de-abril-na-assembleia-municipal-da-figueira-da-foz-deputada-municipal-balbina-oliveira\/","og_locale":"pt_PT","og_type":"article","og_title":"Sess\u00e3o Comemorativa do 25 de Abril na Assembleia Municipal da Figueira da Foz - Deputada Municipal Balbina Oliveira - CHEGA Distrital de Coimbra","og_description":"Exmo. Senhor Presidente da Assembleia Municipal da Figueira da Foz Eng. Jos\u00e9 Duarte Pereira Sess\u00e3o Solene 25 de Abril Senhor Presidente da Assembleia Municipal, Senhoras e Senhores Deputados, Todos os anos ouvimos exatamente os mesmos discursos sobre o 25 de Abril. As mesmas palavras, as mesmas palmas, os mesmos protagonistas de sempre a tentar dar &hellip; Continuar a ler \"Sess\u00e3o Comemorativa do 25 de Abril na Assembleia Municipal da Figueira da Foz &#8211; Deputada Municipal Balbina Oliveira\"","og_url":"https:\/\/partidochega.pt\/index.php\/2026\/04\/27\/sessao-comemorativa-do-25-de-abril-na-assembleia-municipal-da-figueira-da-foz-deputada-municipal-balbina-oliveira\/","og_site_name":"CHEGA","article_publisher":"https:\/\/www.facebook.com\/PartidoChegaOficial\/","article_published_time":"2026-04-27T20:13:26+00:00","og_image":[{"width":720,"height":720,"url":"https:\/\/partidochega.pt\/wp-content\/uploads\/2026\/04\/WhatsApp-Image-2026-04-27-at-19.55.13.jpeg","type":"image\/jpeg"}],"author":"Tome","twitter_card":"summary_large_image","twitter_creator":"@PartidoCHEGA","twitter_site":"@PartidoCHEGA","twitter_misc":{"Escrito por":"Tome","Tempo estimado de leitura":"5 minutos"},"schema":{"@context":"https:\/\/schema.org","@graph":[{"@type":"Article","@id":"https:\/\/partidochega.pt\/index.php\/2026\/04\/27\/sessao-comemorativa-do-25-de-abril-na-assembleia-municipal-da-figueira-da-foz-deputada-municipal-balbina-oliveira\/#article","isPartOf":{"@id":"https:\/\/partidochega.pt\/index.php\/2026\/04\/27\/sessao-comemorativa-do-25-de-abril-na-assembleia-municipal-da-figueira-da-foz-deputada-municipal-balbina-oliveira\/"},"author":{"name":"Tome","@id":"https:\/\/partidochega.pt\/#\/schema\/person\/6d71d9993ec0d15ee5fd693553d8868f"},"headline":"Sess\u00e3o Comemorativa do 25 de Abril na Assembleia Municipal da Figueira da Foz &#8211; Deputada Municipal Balbina Oliveira","datePublished":"2026-04-27T20:13:26+00:00","dateModified":"2026-04-27T20:13:26+00:00","mainEntityOfPage":{"@id":"https:\/\/partidochega.pt\/index.php\/2026\/04\/27\/sessao-comemorativa-do-25-de-abril-na-assembleia-municipal-da-figueira-da-foz-deputada-municipal-balbina-oliveira\/"},"wordCount":940,"publisher":{"@id":"https:\/\/partidochega.pt\/#organization"},"articleSection":["Distrital de Coimbra"],"inLanguage":"pt-PT"},{"@type":"WebPage","@id":"https:\/\/partidochega.pt\/index.php\/2026\/04\/27\/sessao-comemorativa-do-25-de-abril-na-assembleia-municipal-da-figueira-da-foz-deputada-municipal-balbina-oliveira\/","url":"https:\/\/partidochega.pt\/index.php\/2026\/04\/27\/sessao-comemorativa-do-25-de-abril-na-assembleia-municipal-da-figueira-da-foz-deputada-municipal-balbina-oliveira\/","name":"Sess\u00e3o Comemorativa do 25 de Abril na Assembleia Municipal da Figueira da Foz - Deputada Municipal Balbina Oliveira - CHEGA Distrital de Coimbra","isPartOf":{"@id":"https:\/\/partidochega.pt\/#website"},"datePublished":"2026-04-27T20:13:26+00:00","dateModified":"2026-04-27T20:13:26+00:00","breadcrumb":{"@id":"https:\/\/partidochega.pt\/index.php\/2026\/04\/27\/sessao-comemorativa-do-25-de-abril-na-assembleia-municipal-da-figueira-da-foz-deputada-municipal-balbina-oliveira\/#breadcrumb"},"inLanguage":"pt-PT","potentialAction":[{"@type":"ReadAction","target":["https:\/\/partidochega.pt\/index.php\/2026\/04\/27\/sessao-comemorativa-do-25-de-abril-na-assembleia-municipal-da-figueira-da-foz-deputada-municipal-balbina-oliveira\/"]}]},{"@type":"BreadcrumbList","@id":"https:\/\/partidochega.pt\/index.php\/2026\/04\/27\/sessao-comemorativa-do-25-de-abril-na-assembleia-municipal-da-figueira-da-foz-deputada-municipal-balbina-oliveira\/#breadcrumb","itemListElement":[{"@type":"ListItem","position":1,"name":"In\u00edcio","item":"https:\/\/partidochega.pt\/"},{"@type":"ListItem","position":2,"name":"Sess\u00e3o Comemorativa do 25 de Abril na Assembleia Municipal da Figueira da Foz &#8211; Deputada Municipal Balbina Oliveira"}]},{"@type":"WebSite","@id":"https:\/\/partidochega.pt\/#website","url":"https:\/\/partidochega.pt\/","name":"CHEGA","description":"Partido Pol\u00edtico","publisher":{"@id":"https:\/\/partidochega.pt\/#organization"},"potentialAction":[{"@type":"SearchAction","target":{"@type":"EntryPoint","urlTemplate":"https:\/\/partidochega.pt\/?s={search_term_string}"},"query-input":"required name=search_term_string"}],"inLanguage":"pt-PT"},{"@type":"Organization","@id":"https:\/\/partidochega.pt\/#organization","name":"Partido CHEGA","url":"https:\/\/partidochega.pt\/","logo":{"@type":"ImageObject","inLanguage":"pt-PT","@id":"https:\/\/partidochega.pt\/#\/schema\/logo\/image\/","url":"https:\/\/partidochega.pt\/wp-content\/uploads\/2022\/05\/cropped-logo_chega.png","contentUrl":"https:\/\/partidochega.pt\/wp-content\/uploads\/2022\/05\/cropped-logo_chega.png","width":512,"height":512,"caption":"Partido CHEGA"},"image":{"@id":"https:\/\/partidochega.pt\/#\/schema\/logo\/image\/"},"sameAs":["https:\/\/www.facebook.com\/PartidoChegaOficial\/","https:\/\/twitter.com\/PartidoCHEGA","https:\/\/www.youtube.com\/c\/CHEGATV","https:\/\/www.instagram.com\/partidochega\/","https:\/\/t.me\/PartidoCHEGA"]},{"@type":"Person","@id":"https:\/\/partidochega.pt\/#\/schema\/person\/6d71d9993ec0d15ee5fd693553d8868f","name":"Tome","image":{"@type":"ImageObject","inLanguage":"pt-PT","@id":"https:\/\/partidochega.pt\/#\/schema\/person\/image\/","url":"https:\/\/secure.gravatar.com\/avatar\/c1b5c868d06e723eb2b9b8b1c297dfb462d1035c7210315425bae370aa3bcc1a?s=96&d=mm&r=g","contentUrl":"https:\/\/secure.gravatar.com\/avatar\/c1b5c868d06e723eb2b9b8b1c297dfb462d1035c7210315425bae370aa3bcc1a?s=96&d=mm&r=g","caption":"Tome"}}]}},"_links":{"self":[{"href":"https:\/\/partidochega.pt\/index.php\/wp-json\/wp\/v2\/posts\/14678","targetHints":{"allow":["GET"]}}],"collection":[{"href":"https:\/\/partidochega.pt\/index.php\/wp-json\/wp\/v2\/posts"}],"about":[{"href":"https:\/\/partidochega.pt\/index.php\/wp-json\/wp\/v2\/types\/post"}],"author":[{"embeddable":true,"href":"https:\/\/partidochega.pt\/index.php\/wp-json\/wp\/v2\/users\/3"}],"replies":[{"embeddable":true,"href":"https:\/\/partidochega.pt\/index.php\/wp-json\/wp\/v2\/comments?post=14678"}],"version-history":[{"count":1,"href":"https:\/\/partidochega.pt\/index.php\/wp-json\/wp\/v2\/posts\/14678\/revisions"}],"predecessor-version":[{"id":14680,"href":"https:\/\/partidochega.pt\/index.php\/wp-json\/wp\/v2\/posts\/14678\/revisions\/14680"}],"wp:featuredmedia":[{"embeddable":true,"href":"https:\/\/partidochega.pt\/index.php\/wp-json\/wp\/v2\/media\/14679"}],"wp:attachment":[{"href":"https:\/\/partidochega.pt\/index.php\/wp-json\/wp\/v2\/media?parent=14678"}],"wp:term":[{"taxonomy":"category","embeddable":true,"href":"https:\/\/partidochega.pt\/index.php\/wp-json\/wp\/v2\/categories?post=14678"},{"taxonomy":"post_tag","embeddable":true,"href":"https:\/\/partidochega.pt\/index.php\/wp-json\/wp\/v2\/tags?post=14678"}],"curies":[{"name":"wp","href":"https:\/\/api.w.org\/{rel}","templated":true}]}}