{"id":14681,"date":"2026-04-27T21:14:23","date_gmt":"2026-04-27T20:14:23","guid":{"rendered":"https:\/\/partidochega.pt\/?p=14681"},"modified":"2026-04-27T21:14:23","modified_gmt":"2026-04-27T20:14:23","slug":"sessao-comemorativa-do-25-de-abril-na-assembleia-municipal-da-lousa-deputada-municipal-luisa-aveiro","status":"publish","type":"post","link":"https:\/\/partidochega.pt\/index.php\/2026\/04\/27\/sessao-comemorativa-do-25-de-abril-na-assembleia-municipal-da-lousa-deputada-municipal-luisa-aveiro\/","title":{"rendered":"Sess\u00e3o Comemorativa do 25 de Abril na Assembleia Municipal da Lous\u00e3 &#8211; Deputada Municipal Lu\u00edsa Aveiro"},"content":{"rendered":"<p>Caros Lousanenses,<\/p>\n<p>Hoje comemoramos mais uma data na nossa hist\u00f3ria recente, da nossa p\u00e1tria, Portugal.<br \/>\nAo comemorar o 25 de Abril nunca nos podemos esquecer que a democracia tem de ser plena. Reconhecer erros \u00e9 tamb\u00e9m uma forma de maturidade democr\u00e1tica.<br \/>\nO 25 de Abril ser\u00e1 sempre um s\u00edmbolo vivo de valores, valores que t\u00eam de ser colocados em pr\u00e1tica, sendo o respeito pela liberdade de express\u00e3o e o respeito por diferentes opini\u00f5es e ideologias, uma mais-valia para uma saud\u00e1vel e plena democracia.<br \/>\nEst\u00e1 nas nossas m\u00e3os preservar e perpetuar esses valores no tempo e na hist\u00f3ria com mais dignidade, respeito e igualdade por todos os portugueses:<br \/>\n&#8211; Mais igualdade<br \/>\n&#8211; Melhores condi\u00e7\u00f5es de vida<br \/>\n&#8211; Mais seguran\u00e7a<br \/>\n&#8211; Mais justi\u00e7a<br \/>\n&#8211; Mais educa\u00e7\u00e3o<br \/>\n&#8211; Mais sa\u00fade<br \/>\n&#8211; Mais patriotismo<br \/>\n&#8211; Mais orgulho por uma hist\u00f3ria e cultura com mais de 900 anos.<br \/>\nE essencialmente mais dignidade para todos.<br \/>\nRecordar a liberdade conquistada \u00e9 lembrar que n\u00e3o \u00e9 garantida, que todos os dias devemos proteger e lutar por ela, pela liberdade de express\u00e3o, pela diversidade de opini\u00f5es.<br \/>\nN\u00e3o permitir atropelos, entre o estado e o poder judicial, mas sim separa\u00e7\u00e3o de poderes, assim como controlar a vinda de pessoas, com culturas intolerantes que possam p\u00f4r em perigo a nossa liberdade, a nossa democracia, a nossa cultura, a nossa p\u00e1tria.<br \/>\nTal como referiu o ex-presidente da Rep\u00fablica, Jorge Sampaio:<br \/>\n(passo a citar:)<br \/>\n\u201cDevemos exigir uma demonstra\u00e7\u00e3o real da vontade de integra\u00e7\u00e3o desses emigrantes na nossa comunidade local. A contrapartida da nossa abertura \u00e9 a rejei\u00e7\u00e3o firme dos isolacionismos religiosos e culturais. N\u00e3o podemos dar direitos pol\u00edticos a minorias que recusam os nossos valores e n\u00e3o acatam as nossas leis.\u201d (fim de cita\u00e7\u00e3o)<br \/>\nQue o esp\u00edrito de Abril continue a inspirar -nos por um futuro melhor, infelizmente ainda est\u00e1 longe de se ter concretizado, todos somos importantes para concretizar o que o 25 de Abril prometeu.<br \/>\nQueremos um futuro com mais dignidade para todos os portugueses, liberdade de express\u00e3o, e respeito por todas as opini\u00f5es. Uma verdadeira e plena democracia.<\/p>\n<p>25\/04\/2026<br \/>\nLu\u00edsa Aveiro<br \/>\n(Deputada Municipal da Lous\u00e3)<\/p>\n","protected":false},"excerpt":{"rendered":"<p>Caros Lousanenses, Hoje comemoramos mais uma data na nossa hist\u00f3ria recente, da nossa p\u00e1tria, Portugal. Ao comemorar o 25 de Abril nunca nos podemos esquecer que a democracia tem de ser plena. Reconhecer erros \u00e9 tamb\u00e9m uma forma de maturidade democr\u00e1tica. O 25 de Abril ser\u00e1 sempre um s\u00edmbolo vivo de valores, valores que t\u00eam &hellip; <\/p>\n<p class=\"link-more\"><a href=\"https:\/\/partidochega.pt\/index.php\/2026\/04\/27\/sessao-comemorativa-do-25-de-abril-na-assembleia-municipal-da-lousa-deputada-municipal-luisa-aveiro\/\" class=\"more-link\">Continuar a ler <span class=\"screen-reader-text\">&#8220;Sess\u00e3o Comemorativa do 25 de Abril na Assembleia Municipal da Lous\u00e3 &#8211; Deputada Municipal Lu\u00edsa Aveiro&#8221;<\/span><\/a><\/p>\n","protected":false},"author":3,"featured_media":14682,"comment_status":"closed","ping_status":"open","sticky":false,"template":"","format":"standard","meta":{"footnotes":""},"categories":[28],"tags":[],"class_list":["post-14681","post","type-post","status-publish","format-standard","has-post-thumbnail","hentry","category-distrital-de-coimbra"],"yoast_head":"<!-- This site is optimized with the Yoast SEO plugin v21.5 - https:\/\/yoast.com\/wordpress\/plugins\/seo\/ -->\n<title>Sess\u00e3o Comemorativa do 25 de Abril na Assembleia Municipal da Lous\u00e3 - Deputada Municipal Lu\u00edsa Aveiro - CHEGA Distrital de Coimbra<\/title>\n<meta name=\"robots\" content=\"index, follow, max-snippet:-1, max-image-preview:large, max-video-preview:-1\" \/>\n<link rel=\"canonical\" href=\"https:\/\/partidochega.pt\/index.php\/2026\/04\/27\/sessao-comemorativa-do-25-de-abril-na-assembleia-municipal-da-lousa-deputada-municipal-luisa-aveiro\/\" \/>\n<meta property=\"og:locale\" content=\"pt_PT\" \/>\n<meta property=\"og:type\" content=\"article\" \/>\n<meta property=\"og:title\" content=\"Sess\u00e3o Comemorativa do 25 de Abril na Assembleia Municipal da Lous\u00e3 - Deputada Municipal Lu\u00edsa Aveiro - CHEGA Distrital de Coimbra\" \/>\n<meta property=\"og:description\" content=\"Caros Lousanenses, Hoje comemoramos mais uma data na nossa hist\u00f3ria recente, da nossa p\u00e1tria, Portugal. Ao comemorar o 25 de Abril nunca nos podemos esquecer que a democracia tem de ser plena. Reconhecer erros \u00e9 tamb\u00e9m uma forma de maturidade democr\u00e1tica. O 25 de Abril ser\u00e1 sempre um s\u00edmbolo vivo de valores, valores que t\u00eam &hellip; Continuar a ler &quot;Sess\u00e3o Comemorativa do 25 de Abril na Assembleia Municipal da Lous\u00e3 &#8211; Deputada Municipal Lu\u00edsa Aveiro&quot;\" \/>\n<meta property=\"og:url\" content=\"https:\/\/partidochega.pt\/index.php\/2026\/04\/27\/sessao-comemorativa-do-25-de-abril-na-assembleia-municipal-da-lousa-deputada-municipal-luisa-aveiro\/\" \/>\n<meta property=\"og:site_name\" content=\"CHEGA\" \/>\n<meta property=\"article:publisher\" content=\"https:\/\/www.facebook.com\/PartidoChegaOficial\/\" \/>\n<meta property=\"article:published_time\" content=\"2026-04-27T20:14:23+00:00\" \/>\n<meta property=\"og:image\" content=\"https:\/\/partidochega.pt\/wp-content\/uploads\/2026\/04\/WhatsApp-Image-2026-04-27-at-20.20.30.jpeg\" \/>\n\t<meta property=\"og:image:width\" content=\"1600\" \/>\n\t<meta property=\"og:image:height\" content=\"1057\" \/>\n\t<meta property=\"og:image:type\" content=\"image\/jpeg\" \/>\n<meta name=\"author\" content=\"Tome\" \/>\n<meta name=\"twitter:card\" content=\"summary_large_image\" \/>\n<meta name=\"twitter:creator\" content=\"@PartidoCHEGA\" \/>\n<meta name=\"twitter:site\" content=\"@PartidoCHEGA\" \/>\n<meta name=\"twitter:label1\" content=\"Escrito por\" \/>\n\t<meta name=\"twitter:data1\" content=\"Tome\" \/>\n\t<meta name=\"twitter:label2\" content=\"Tempo estimado de leitura\" \/>\n\t<meta name=\"twitter:data2\" content=\"2 minutos\" \/>\n<script type=\"application\/ld+json\" class=\"yoast-schema-graph\">{\"@context\":\"https:\/\/schema.org\",\"@graph\":[{\"@type\":\"Article\",\"@id\":\"https:\/\/partidochega.pt\/index.php\/2026\/04\/27\/sessao-comemorativa-do-25-de-abril-na-assembleia-municipal-da-lousa-deputada-municipal-luisa-aveiro\/#article\",\"isPartOf\":{\"@id\":\"https:\/\/partidochega.pt\/index.php\/2026\/04\/27\/sessao-comemorativa-do-25-de-abril-na-assembleia-municipal-da-lousa-deputada-municipal-luisa-aveiro\/\"},\"author\":{\"name\":\"Tome\",\"@id\":\"https:\/\/partidochega.pt\/#\/schema\/person\/6d71d9993ec0d15ee5fd693553d8868f\"},\"headline\":\"Sess\u00e3o Comemorativa do 25 de Abril na Assembleia Municipal da Lous\u00e3 &#8211; Deputada Municipal Lu\u00edsa Aveiro\",\"datePublished\":\"2026-04-27T20:14:23+00:00\",\"dateModified\":\"2026-04-27T20:14:23+00:00\",\"mainEntityOfPage\":{\"@id\":\"https:\/\/partidochega.pt\/index.php\/2026\/04\/27\/sessao-comemorativa-do-25-de-abril-na-assembleia-municipal-da-lousa-deputada-municipal-luisa-aveiro\/\"},\"wordCount\":390,\"publisher\":{\"@id\":\"https:\/\/partidochega.pt\/#organization\"},\"articleSection\":[\"Distrital de Coimbra\"],\"inLanguage\":\"pt-PT\"},{\"@type\":\"WebPage\",\"@id\":\"https:\/\/partidochega.pt\/index.php\/2026\/04\/27\/sessao-comemorativa-do-25-de-abril-na-assembleia-municipal-da-lousa-deputada-municipal-luisa-aveiro\/\",\"url\":\"https:\/\/partidochega.pt\/index.php\/2026\/04\/27\/sessao-comemorativa-do-25-de-abril-na-assembleia-municipal-da-lousa-deputada-municipal-luisa-aveiro\/\",\"name\":\"Sess\u00e3o Comemorativa do 25 de Abril na Assembleia Municipal da Lous\u00e3 - Deputada Municipal Lu\u00edsa Aveiro - CHEGA Distrital de Coimbra\",\"isPartOf\":{\"@id\":\"https:\/\/partidochega.pt\/#website\"},\"datePublished\":\"2026-04-27T20:14:23+00:00\",\"dateModified\":\"2026-04-27T20:14:23+00:00\",\"breadcrumb\":{\"@id\":\"https:\/\/partidochega.pt\/index.php\/2026\/04\/27\/sessao-comemorativa-do-25-de-abril-na-assembleia-municipal-da-lousa-deputada-municipal-luisa-aveiro\/#breadcrumb\"},\"inLanguage\":\"pt-PT\",\"potentialAction\":[{\"@type\":\"ReadAction\",\"target\":[\"https:\/\/partidochega.pt\/index.php\/2026\/04\/27\/sessao-comemorativa-do-25-de-abril-na-assembleia-municipal-da-lousa-deputada-municipal-luisa-aveiro\/\"]}]},{\"@type\":\"BreadcrumbList\",\"@id\":\"https:\/\/partidochega.pt\/index.php\/2026\/04\/27\/sessao-comemorativa-do-25-de-abril-na-assembleia-municipal-da-lousa-deputada-municipal-luisa-aveiro\/#breadcrumb\",\"itemListElement\":[{\"@type\":\"ListItem\",\"position\":1,\"name\":\"In\u00edcio\",\"item\":\"https:\/\/partidochega.pt\/\"},{\"@type\":\"ListItem\",\"position\":2,\"name\":\"Sess\u00e3o Comemorativa do 25 de Abril na Assembleia Municipal da Lous\u00e3 &#8211; Deputada Municipal Lu\u00edsa Aveiro\"}]},{\"@type\":\"WebSite\",\"@id\":\"https:\/\/partidochega.pt\/#website\",\"url\":\"https:\/\/partidochega.pt\/\",\"name\":\"CHEGA\",\"description\":\"Partido Pol\u00edtico\",\"publisher\":{\"@id\":\"https:\/\/partidochega.pt\/#organization\"},\"potentialAction\":[{\"@type\":\"SearchAction\",\"target\":{\"@type\":\"EntryPoint\",\"urlTemplate\":\"https:\/\/partidochega.pt\/?s={search_term_string}\"},\"query-input\":\"required name=search_term_string\"}],\"inLanguage\":\"pt-PT\"},{\"@type\":\"Organization\",\"@id\":\"https:\/\/partidochega.pt\/#organization\",\"name\":\"Partido CHEGA\",\"url\":\"https:\/\/partidochega.pt\/\",\"logo\":{\"@type\":\"ImageObject\",\"inLanguage\":\"pt-PT\",\"@id\":\"https:\/\/partidochega.pt\/#\/schema\/logo\/image\/\",\"url\":\"https:\/\/partidochega.pt\/wp-content\/uploads\/2022\/05\/cropped-logo_chega.png\",\"contentUrl\":\"https:\/\/partidochega.pt\/wp-content\/uploads\/2022\/05\/cropped-logo_chega.png\",\"width\":512,\"height\":512,\"caption\":\"Partido CHEGA\"},\"image\":{\"@id\":\"https:\/\/partidochega.pt\/#\/schema\/logo\/image\/\"},\"sameAs\":[\"https:\/\/www.facebook.com\/PartidoChegaOficial\/\",\"https:\/\/twitter.com\/PartidoCHEGA\",\"https:\/\/www.youtube.com\/c\/CHEGATV\",\"https:\/\/www.instagram.com\/partidochega\/\",\"https:\/\/t.me\/PartidoCHEGA\"]},{\"@type\":\"Person\",\"@id\":\"https:\/\/partidochega.pt\/#\/schema\/person\/6d71d9993ec0d15ee5fd693553d8868f\",\"name\":\"Tome\",\"image\":{\"@type\":\"ImageObject\",\"inLanguage\":\"pt-PT\",\"@id\":\"https:\/\/partidochega.pt\/#\/schema\/person\/image\/\",\"url\":\"https:\/\/secure.gravatar.com\/avatar\/c1b5c868d06e723eb2b9b8b1c297dfb462d1035c7210315425bae370aa3bcc1a?s=96&d=mm&r=g\",\"contentUrl\":\"https:\/\/secure.gravatar.com\/avatar\/c1b5c868d06e723eb2b9b8b1c297dfb462d1035c7210315425bae370aa3bcc1a?s=96&d=mm&r=g\",\"caption\":\"Tome\"}}]}<\/script>\n<!-- \/ Yoast SEO plugin. -->","yoast_head_json":{"title":"Sess\u00e3o Comemorativa do 25 de Abril na Assembleia Municipal da Lous\u00e3 - Deputada Municipal Lu\u00edsa Aveiro - CHEGA Distrital de Coimbra","robots":{"index":"index","follow":"follow","max-snippet":"max-snippet:-1","max-image-preview":"max-image-preview:large","max-video-preview":"max-video-preview:-1"},"canonical":"https:\/\/partidochega.pt\/index.php\/2026\/04\/27\/sessao-comemorativa-do-25-de-abril-na-assembleia-municipal-da-lousa-deputada-municipal-luisa-aveiro\/","og_locale":"pt_PT","og_type":"article","og_title":"Sess\u00e3o Comemorativa do 25 de Abril na Assembleia Municipal da Lous\u00e3 - Deputada Municipal Lu\u00edsa Aveiro - CHEGA Distrital de Coimbra","og_description":"Caros Lousanenses, Hoje comemoramos mais uma data na nossa hist\u00f3ria recente, da nossa p\u00e1tria, Portugal. Ao comemorar o 25 de Abril nunca nos podemos esquecer que a democracia tem de ser plena. Reconhecer erros \u00e9 tamb\u00e9m uma forma de maturidade democr\u00e1tica. O 25 de Abril ser\u00e1 sempre um s\u00edmbolo vivo de valores, valores que t\u00eam &hellip; Continuar a ler \"Sess\u00e3o Comemorativa do 25 de Abril na Assembleia Municipal da Lous\u00e3 &#8211; Deputada Municipal Lu\u00edsa Aveiro\"","og_url":"https:\/\/partidochega.pt\/index.php\/2026\/04\/27\/sessao-comemorativa-do-25-de-abril-na-assembleia-municipal-da-lousa-deputada-municipal-luisa-aveiro\/","og_site_name":"CHEGA","article_publisher":"https:\/\/www.facebook.com\/PartidoChegaOficial\/","article_published_time":"2026-04-27T20:14:23+00:00","og_image":[{"width":1600,"height":1057,"url":"https:\/\/partidochega.pt\/wp-content\/uploads\/2026\/04\/WhatsApp-Image-2026-04-27-at-20.20.30.jpeg","type":"image\/jpeg"}],"author":"Tome","twitter_card":"summary_large_image","twitter_creator":"@PartidoCHEGA","twitter_site":"@PartidoCHEGA","twitter_misc":{"Escrito por":"Tome","Tempo estimado de leitura":"2 minutos"},"schema":{"@context":"https:\/\/schema.org","@graph":[{"@type":"Article","@id":"https:\/\/partidochega.pt\/index.php\/2026\/04\/27\/sessao-comemorativa-do-25-de-abril-na-assembleia-municipal-da-lousa-deputada-municipal-luisa-aveiro\/#article","isPartOf":{"@id":"https:\/\/partidochega.pt\/index.php\/2026\/04\/27\/sessao-comemorativa-do-25-de-abril-na-assembleia-municipal-da-lousa-deputada-municipal-luisa-aveiro\/"},"author":{"name":"Tome","@id":"https:\/\/partidochega.pt\/#\/schema\/person\/6d71d9993ec0d15ee5fd693553d8868f"},"headline":"Sess\u00e3o Comemorativa do 25 de Abril na Assembleia Municipal da Lous\u00e3 &#8211; Deputada Municipal Lu\u00edsa Aveiro","datePublished":"2026-04-27T20:14:23+00:00","dateModified":"2026-04-27T20:14:23+00:00","mainEntityOfPage":{"@id":"https:\/\/partidochega.pt\/index.php\/2026\/04\/27\/sessao-comemorativa-do-25-de-abril-na-assembleia-municipal-da-lousa-deputada-municipal-luisa-aveiro\/"},"wordCount":390,"publisher":{"@id":"https:\/\/partidochega.pt\/#organization"},"articleSection":["Distrital de Coimbra"],"inLanguage":"pt-PT"},{"@type":"WebPage","@id":"https:\/\/partidochega.pt\/index.php\/2026\/04\/27\/sessao-comemorativa-do-25-de-abril-na-assembleia-municipal-da-lousa-deputada-municipal-luisa-aveiro\/","url":"https:\/\/partidochega.pt\/index.php\/2026\/04\/27\/sessao-comemorativa-do-25-de-abril-na-assembleia-municipal-da-lousa-deputada-municipal-luisa-aveiro\/","name":"Sess\u00e3o Comemorativa do 25 de Abril na Assembleia Municipal da Lous\u00e3 - Deputada Municipal Lu\u00edsa Aveiro - CHEGA Distrital de Coimbra","isPartOf":{"@id":"https:\/\/partidochega.pt\/#website"},"datePublished":"2026-04-27T20:14:23+00:00","dateModified":"2026-04-27T20:14:23+00:00","breadcrumb":{"@id":"https:\/\/partidochega.pt\/index.php\/2026\/04\/27\/sessao-comemorativa-do-25-de-abril-na-assembleia-municipal-da-lousa-deputada-municipal-luisa-aveiro\/#breadcrumb"},"inLanguage":"pt-PT","potentialAction":[{"@type":"ReadAction","target":["https:\/\/partidochega.pt\/index.php\/2026\/04\/27\/sessao-comemorativa-do-25-de-abril-na-assembleia-municipal-da-lousa-deputada-municipal-luisa-aveiro\/"]}]},{"@type":"BreadcrumbList","@id":"https:\/\/partidochega.pt\/index.php\/2026\/04\/27\/sessao-comemorativa-do-25-de-abril-na-assembleia-municipal-da-lousa-deputada-municipal-luisa-aveiro\/#breadcrumb","itemListElement":[{"@type":"ListItem","position":1,"name":"In\u00edcio","item":"https:\/\/partidochega.pt\/"},{"@type":"ListItem","position":2,"name":"Sess\u00e3o Comemorativa do 25 de Abril na Assembleia Municipal da Lous\u00e3 &#8211; Deputada Municipal Lu\u00edsa Aveiro"}]},{"@type":"WebSite","@id":"https:\/\/partidochega.pt\/#website","url":"https:\/\/partidochega.pt\/","name":"CHEGA","description":"Partido Pol\u00edtico","publisher":{"@id":"https:\/\/partidochega.pt\/#organization"},"potentialAction":[{"@type":"SearchAction","target":{"@type":"EntryPoint","urlTemplate":"https:\/\/partidochega.pt\/?s={search_term_string}"},"query-input":"required name=search_term_string"}],"inLanguage":"pt-PT"},{"@type":"Organization","@id":"https:\/\/partidochega.pt\/#organization","name":"Partido CHEGA","url":"https:\/\/partidochega.pt\/","logo":{"@type":"ImageObject","inLanguage":"pt-PT","@id":"https:\/\/partidochega.pt\/#\/schema\/logo\/image\/","url":"https:\/\/partidochega.pt\/wp-content\/uploads\/2022\/05\/cropped-logo_chega.png","contentUrl":"https:\/\/partidochega.pt\/wp-content\/uploads\/2022\/05\/cropped-logo_chega.png","width":512,"height":512,"caption":"Partido CHEGA"},"image":{"@id":"https:\/\/partidochega.pt\/#\/schema\/logo\/image\/"},"sameAs":["https:\/\/www.facebook.com\/PartidoChegaOficial\/","https:\/\/twitter.com\/PartidoCHEGA","https:\/\/www.youtube.com\/c\/CHEGATV","https:\/\/www.instagram.com\/partidochega\/","https:\/\/t.me\/PartidoCHEGA"]},{"@type":"Person","@id":"https:\/\/partidochega.pt\/#\/schema\/person\/6d71d9993ec0d15ee5fd693553d8868f","name":"Tome","image":{"@type":"ImageObject","inLanguage":"pt-PT","@id":"https:\/\/partidochega.pt\/#\/schema\/person\/image\/","url":"https:\/\/secure.gravatar.com\/avatar\/c1b5c868d06e723eb2b9b8b1c297dfb462d1035c7210315425bae370aa3bcc1a?s=96&d=mm&r=g","contentUrl":"https:\/\/secure.gravatar.com\/avatar\/c1b5c868d06e723eb2b9b8b1c297dfb462d1035c7210315425bae370aa3bcc1a?s=96&d=mm&r=g","caption":"Tome"}}]}},"_links":{"self":[{"href":"https:\/\/partidochega.pt\/index.php\/wp-json\/wp\/v2\/posts\/14681","targetHints":{"allow":["GET"]}}],"collection":[{"href":"https:\/\/partidochega.pt\/index.php\/wp-json\/wp\/v2\/posts"}],"about":[{"href":"https:\/\/partidochega.pt\/index.php\/wp-json\/wp\/v2\/types\/post"}],"author":[{"embeddable":true,"href":"https:\/\/partidochega.pt\/index.php\/wp-json\/wp\/v2\/users\/3"}],"replies":[{"embeddable":true,"href":"https:\/\/partidochega.pt\/index.php\/wp-json\/wp\/v2\/comments?post=14681"}],"version-history":[{"count":1,"href":"https:\/\/partidochega.pt\/index.php\/wp-json\/wp\/v2\/posts\/14681\/revisions"}],"predecessor-version":[{"id":14683,"href":"https:\/\/partidochega.pt\/index.php\/wp-json\/wp\/v2\/posts\/14681\/revisions\/14683"}],"wp:featuredmedia":[{"embeddable":true,"href":"https:\/\/partidochega.pt\/index.php\/wp-json\/wp\/v2\/media\/14682"}],"wp:attachment":[{"href":"https:\/\/partidochega.pt\/index.php\/wp-json\/wp\/v2\/media?parent=14681"}],"wp:term":[{"taxonomy":"category","embeddable":true,"href":"https:\/\/partidochega.pt\/index.php\/wp-json\/wp\/v2\/categories?post=14681"},{"taxonomy":"post_tag","embeddable":true,"href":"https:\/\/partidochega.pt\/index.php\/wp-json\/wp\/v2\/tags?post=14681"}],"curies":[{"name":"wp","href":"https:\/\/api.w.org\/{rel}","templated":true}]}}