{"id":15976,"date":"2026-09-03T17:11:42","date_gmt":"2026-09-03T16:11:42","guid":{"rendered":"https:\/\/partidochega.pt\/?p=15976"},"modified":"2026-09-03T17:11:42","modified_gmt":"2026-09-03T16:11:42","slug":"mocao-de-censura-do-chega-discutida-no-proximo-dia-8-de-setembro","status":"publish","type":"post","link":"https:\/\/partidochega.pt\/index.php\/2026\/09\/03\/mocao-de-censura-do-chega-discutida-no-proximo-dia-8-de-setembro\/","title":{"rendered":"Mo\u00e7\u00e3o de censura do CHEGA discutida no pr\u00f3ximo dia 8 de setembro"},"content":{"rendered":"<p>Lu\u00eds Montenegro vai enfrentar o debate da mo\u00e7\u00e3o de censura apresentada pelo CHEGA no dia 8 de setembro, \u00e0s 15h00. Partidos decidiram acelerar os prazos para que o pa\u00eds n\u00e3o fique \u00e0 espera de uma resposta pol\u00edtica \u00e0 iniciativa apresentada na sequ\u00eancia das pol\u00e9micas que envolvem o ministro da Administra\u00e7\u00e3o Interna, Lu\u00eds Neves.<\/p>\n<p>A mo\u00e7\u00e3o de censura apresentada pelo CHEGA ao Governo de Lu\u00eds Montenegro vai ser debatida na pr\u00f3xima ter\u00e7a-feira, 8 de setembro, \u00e0s 15h00, na Assembleia da Rep\u00fablica.<\/p>\n<p>A decis\u00e3o foi tomada em confer\u00eancia de l\u00edderes, com os partidos a optarem por acelerar os procedimentos e realizar o debate ainda durante a primeira sess\u00e3o legislativa da atual legislatura.<\/p>\n<p>Fonte: <a href=\"https:\/\/folhanacional.pt\/2026\/09\/03\/mocao-de-censura-do-chega-discutida-no-proximo-dia-8-de-setembro\/\" target=\"_blank\" rel=\"noopener\">Folha Nacional<\/a><\/p>\n","protected":false},"excerpt":{"rendered":"<p>Lu\u00eds Montenegro vai enfrentar o debate da mo\u00e7\u00e3o de censura apresentada pelo CHEGA no dia 8 de setembro, \u00e0s 15h00. Partidos decidiram acelerar os prazos para que o pa\u00eds n\u00e3o fique \u00e0 espera de uma resposta pol\u00edtica \u00e0 iniciativa apresentada na sequ\u00eancia das pol\u00e9micas que envolvem o ministro da Administra\u00e7\u00e3o Interna, Lu\u00eds Neves. A mo\u00e7\u00e3o &hellip; <\/p>\n<p class=\"link-more\"><a href=\"https:\/\/partidochega.pt\/index.php\/2026\/09\/03\/mocao-de-censura-do-chega-discutida-no-proximo-dia-8-de-setembro\/\" class=\"more-link\">Continuar a ler <span class=\"screen-reader-text\">&#8220;Mo\u00e7\u00e3o de censura do CHEGA discutida no pr\u00f3ximo dia 8 de setembro&#8221;<\/span><\/a><\/p>\n","protected":false},"author":3,"featured_media":15977,"comment_status":"closed","ping_status":"open","sticky":false,"template":"","format":"standard","meta":{"footnotes":""},"categories":[22],"tags":[],"class_list":["post-15976","post","type-post","status-publish","format-standard","has-post-thumbnail","hentry","category-chega-nos-media"],"yoast_head":"<!-- This site is optimized with the Yoast SEO plugin v21.5 - https:\/\/yoast.com\/wordpress\/plugins\/seo\/ -->\n<title>Mo\u00e7\u00e3o de censura do CHEGA discutida no pr\u00f3ximo dia 8 de setembro - CHEGA<\/title>\n<meta name=\"robots\" content=\"index, follow, max-snippet:-1, max-image-preview:large, max-video-preview:-1\" \/>\n<link rel=\"canonical\" href=\"https:\/\/partidochega.pt\/index.php\/2026\/09\/03\/mocao-de-censura-do-chega-discutida-no-proximo-dia-8-de-setembro\/\" \/>\n<meta property=\"og:locale\" content=\"pt_PT\" \/>\n<meta property=\"og:type\" content=\"article\" \/>\n<meta property=\"og:title\" content=\"Mo\u00e7\u00e3o de censura do CHEGA discutida no pr\u00f3ximo dia 8 de setembro - CHEGA\" \/>\n<meta property=\"og:description\" content=\"Lu\u00eds Montenegro vai enfrentar o debate da mo\u00e7\u00e3o de censura apresentada pelo CHEGA no dia 8 de setembro, \u00e0s 15h00. Partidos decidiram acelerar os prazos para que o pa\u00eds n\u00e3o fique \u00e0 espera de uma resposta pol\u00edtica \u00e0 iniciativa apresentada na sequ\u00eancia das pol\u00e9micas que envolvem o ministro da Administra\u00e7\u00e3o Interna, Lu\u00eds Neves. A mo\u00e7\u00e3o &hellip; Continuar a ler &quot;Mo\u00e7\u00e3o de censura do CHEGA discutida no pr\u00f3ximo dia 8 de setembro&quot;\" \/>\n<meta property=\"og:url\" content=\"https:\/\/partidochega.pt\/index.php\/2026\/09\/03\/mocao-de-censura-do-chega-discutida-no-proximo-dia-8-de-setembro\/\" \/>\n<meta property=\"og:site_name\" content=\"CHEGA\" \/>\n<meta property=\"article:publisher\" content=\"https:\/\/www.facebook.com\/PartidoChegaOficial\/\" \/>\n<meta property=\"article:published_time\" content=\"2026-09-03T16:11:42+00:00\" \/>\n<meta property=\"og:image\" content=\"https:\/\/partidochega.pt\/wp-content\/uploads\/2026\/09\/WhatsApp-Image-2024-10-30-at-15.06.27.jpeg\" \/>\n\t<meta property=\"og:image:width\" content=\"2048\" \/>\n\t<meta property=\"og:image:height\" content=\"1366\" \/>\n\t<meta property=\"og:image:type\" content=\"image\/jpeg\" \/>\n<meta name=\"author\" content=\"Tome\" \/>\n<meta name=\"twitter:card\" content=\"summary_large_image\" \/>\n<meta name=\"twitter:creator\" content=\"@PartidoCHEGA\" \/>\n<meta name=\"twitter:site\" content=\"@PartidoCHEGA\" \/>\n<meta name=\"twitter:label1\" content=\"Escrito por\" \/>\n\t<meta name=\"twitter:data1\" content=\"Tome\" \/>\n\t<meta name=\"twitter:label2\" content=\"Tempo estimado de leitura\" \/>\n\t<meta name=\"twitter:data2\" content=\"1 minuto\" \/>\n<script type=\"application\/ld+json\" class=\"yoast-schema-graph\">{\"@context\":\"https:\/\/schema.org\",\"@graph\":[{\"@type\":\"Article\",\"@id\":\"https:\/\/partidochega.pt\/index.php\/2026\/09\/03\/mocao-de-censura-do-chega-discutida-no-proximo-dia-8-de-setembro\/#article\",\"isPartOf\":{\"@id\":\"https:\/\/partidochega.pt\/index.php\/2026\/09\/03\/mocao-de-censura-do-chega-discutida-no-proximo-dia-8-de-setembro\/\"},\"author\":{\"name\":\"Tome\",\"@id\":\"https:\/\/partidochega.pt\/#\/schema\/person\/6d71d9993ec0d15ee5fd693553d8868f\"},\"headline\":\"Mo\u00e7\u00e3o de censura do CHEGA discutida no pr\u00f3ximo dia 8 de setembro\",\"datePublished\":\"2026-09-03T16:11:42+00:00\",\"dateModified\":\"2026-09-03T16:11:42+00:00\",\"mainEntityOfPage\":{\"@id\":\"https:\/\/partidochega.pt\/index.php\/2026\/09\/03\/mocao-de-censura-do-chega-discutida-no-proximo-dia-8-de-setembro\/\"},\"wordCount\":140,\"publisher\":{\"@id\":\"https:\/\/partidochega.pt\/#organization\"},\"articleSection\":[\"Chega nos Media\"],\"inLanguage\":\"pt-PT\"},{\"@type\":\"WebPage\",\"@id\":\"https:\/\/partidochega.pt\/index.php\/2026\/09\/03\/mocao-de-censura-do-chega-discutida-no-proximo-dia-8-de-setembro\/\",\"url\":\"https:\/\/partidochega.pt\/index.php\/2026\/09\/03\/mocao-de-censura-do-chega-discutida-no-proximo-dia-8-de-setembro\/\",\"name\":\"Mo\u00e7\u00e3o de censura do CHEGA discutida no pr\u00f3ximo dia 8 de setembro - CHEGA\",\"isPartOf\":{\"@id\":\"https:\/\/partidochega.pt\/#website\"},\"datePublished\":\"2026-09-03T16:11:42+00:00\",\"dateModified\":\"2026-09-03T16:11:42+00:00\",\"breadcrumb\":{\"@id\":\"https:\/\/partidochega.pt\/index.php\/2026\/09\/03\/mocao-de-censura-do-chega-discutida-no-proximo-dia-8-de-setembro\/#breadcrumb\"},\"inLanguage\":\"pt-PT\",\"potentialAction\":[{\"@type\":\"ReadAction\",\"target\":[\"https:\/\/partidochega.pt\/index.php\/2026\/09\/03\/mocao-de-censura-do-chega-discutida-no-proximo-dia-8-de-setembro\/\"]}]},{\"@type\":\"BreadcrumbList\",\"@id\":\"https:\/\/partidochega.pt\/index.php\/2026\/09\/03\/mocao-de-censura-do-chega-discutida-no-proximo-dia-8-de-setembro\/#breadcrumb\",\"itemListElement\":[{\"@type\":\"ListItem\",\"position\":1,\"name\":\"In\u00edcio\",\"item\":\"https:\/\/partidochega.pt\/\"},{\"@type\":\"ListItem\",\"position\":2,\"name\":\"Mo\u00e7\u00e3o de censura do CHEGA discutida no pr\u00f3ximo dia 8 de setembro\"}]},{\"@type\":\"WebSite\",\"@id\":\"https:\/\/partidochega.pt\/#website\",\"url\":\"https:\/\/partidochega.pt\/\",\"name\":\"CHEGA\",\"description\":\"Partido Pol\u00edtico\",\"publisher\":{\"@id\":\"https:\/\/partidochega.pt\/#organization\"},\"potentialAction\":[{\"@type\":\"SearchAction\",\"target\":{\"@type\":\"EntryPoint\",\"urlTemplate\":\"https:\/\/partidochega.pt\/?s={search_term_string}\"},\"query-input\":\"required name=search_term_string\"}],\"inLanguage\":\"pt-PT\"},{\"@type\":\"Organization\",\"@id\":\"https:\/\/partidochega.pt\/#organization\",\"name\":\"Partido CHEGA\",\"url\":\"https:\/\/partidochega.pt\/\",\"logo\":{\"@type\":\"ImageObject\",\"inLanguage\":\"pt-PT\",\"@id\":\"https:\/\/partidochega.pt\/#\/schema\/logo\/image\/\",\"url\":\"https:\/\/partidochega.pt\/wp-content\/uploads\/2022\/05\/cropped-logo_chega.png\",\"contentUrl\":\"https:\/\/partidochega.pt\/wp-content\/uploads\/2022\/05\/cropped-logo_chega.png\",\"width\":512,\"height\":512,\"caption\":\"Partido CHEGA\"},\"image\":{\"@id\":\"https:\/\/partidochega.pt\/#\/schema\/logo\/image\/\"},\"sameAs\":[\"https:\/\/www.facebook.com\/PartidoChegaOficial\/\",\"https:\/\/twitter.com\/PartidoCHEGA\",\"https:\/\/www.youtube.com\/c\/CHEGATV\",\"https:\/\/www.instagram.com\/partidochega\/\",\"https:\/\/t.me\/PartidoCHEGA\"]},{\"@type\":\"Person\",\"@id\":\"https:\/\/partidochega.pt\/#\/schema\/person\/6d71d9993ec0d15ee5fd693553d8868f\",\"name\":\"Tome\",\"image\":{\"@type\":\"ImageObject\",\"inLanguage\":\"pt-PT\",\"@id\":\"https:\/\/partidochega.pt\/#\/schema\/person\/image\/\",\"url\":\"https:\/\/secure.gravatar.com\/avatar\/c1b5c868d06e723eb2b9b8b1c297dfb462d1035c7210315425bae370aa3bcc1a?s=96&d=mm&r=g\",\"contentUrl\":\"https:\/\/secure.gravatar.com\/avatar\/c1b5c868d06e723eb2b9b8b1c297dfb462d1035c7210315425bae370aa3bcc1a?s=96&d=mm&r=g\",\"caption\":\"Tome\"}}]}<\/script>\n<!-- \/ Yoast SEO plugin. -->","yoast_head_json":{"title":"Mo\u00e7\u00e3o de censura do CHEGA discutida no pr\u00f3ximo dia 8 de setembro - CHEGA","robots":{"index":"index","follow":"follow","max-snippet":"max-snippet:-1","max-image-preview":"max-image-preview:large","max-video-preview":"max-video-preview:-1"},"canonical":"https:\/\/partidochega.pt\/index.php\/2026\/09\/03\/mocao-de-censura-do-chega-discutida-no-proximo-dia-8-de-setembro\/","og_locale":"pt_PT","og_type":"article","og_title":"Mo\u00e7\u00e3o de censura do CHEGA discutida no pr\u00f3ximo dia 8 de setembro - CHEGA","og_description":"Lu\u00eds Montenegro vai enfrentar o debate da mo\u00e7\u00e3o de censura apresentada pelo CHEGA no dia 8 de setembro, \u00e0s 15h00. Partidos decidiram acelerar os prazos para que o pa\u00eds n\u00e3o fique \u00e0 espera de uma resposta pol\u00edtica \u00e0 iniciativa apresentada na sequ\u00eancia das pol\u00e9micas que envolvem o ministro da Administra\u00e7\u00e3o Interna, Lu\u00eds Neves. A mo\u00e7\u00e3o &hellip; Continuar a ler \"Mo\u00e7\u00e3o de censura do CHEGA discutida no pr\u00f3ximo dia 8 de setembro\"","og_url":"https:\/\/partidochega.pt\/index.php\/2026\/09\/03\/mocao-de-censura-do-chega-discutida-no-proximo-dia-8-de-setembro\/","og_site_name":"CHEGA","article_publisher":"https:\/\/www.facebook.com\/PartidoChegaOficial\/","article_published_time":"2026-09-03T16:11:42+00:00","og_image":[{"width":2048,"height":1366,"url":"https:\/\/partidochega.pt\/wp-content\/uploads\/2026\/09\/WhatsApp-Image-2024-10-30-at-15.06.27.jpeg","type":"image\/jpeg"}],"author":"Tome","twitter_card":"summary_large_image","twitter_creator":"@PartidoCHEGA","twitter_site":"@PartidoCHEGA","twitter_misc":{"Escrito por":"Tome","Tempo estimado de leitura":"1 minuto"},"schema":{"@context":"https:\/\/schema.org","@graph":[{"@type":"Article","@id":"https:\/\/partidochega.pt\/index.php\/2026\/09\/03\/mocao-de-censura-do-chega-discutida-no-proximo-dia-8-de-setembro\/#article","isPartOf":{"@id":"https:\/\/partidochega.pt\/index.php\/2026\/09\/03\/mocao-de-censura-do-chega-discutida-no-proximo-dia-8-de-setembro\/"},"author":{"name":"Tome","@id":"https:\/\/partidochega.pt\/#\/schema\/person\/6d71d9993ec0d15ee5fd693553d8868f"},"headline":"Mo\u00e7\u00e3o de censura do CHEGA discutida no pr\u00f3ximo dia 8 de setembro","datePublished":"2026-09-03T16:11:42+00:00","dateModified":"2026-09-03T16:11:42+00:00","mainEntityOfPage":{"@id":"https:\/\/partidochega.pt\/index.php\/2026\/09\/03\/mocao-de-censura-do-chega-discutida-no-proximo-dia-8-de-setembro\/"},"wordCount":140,"publisher":{"@id":"https:\/\/partidochega.pt\/#organization"},"articleSection":["Chega nos Media"],"inLanguage":"pt-PT"},{"@type":"WebPage","@id":"https:\/\/partidochega.pt\/index.php\/2026\/09\/03\/mocao-de-censura-do-chega-discutida-no-proximo-dia-8-de-setembro\/","url":"https:\/\/partidochega.pt\/index.php\/2026\/09\/03\/mocao-de-censura-do-chega-discutida-no-proximo-dia-8-de-setembro\/","name":"Mo\u00e7\u00e3o de censura do CHEGA discutida no pr\u00f3ximo dia 8 de setembro - CHEGA","isPartOf":{"@id":"https:\/\/partidochega.pt\/#website"},"datePublished":"2026-09-03T16:11:42+00:00","dateModified":"2026-09-03T16:11:42+00:00","breadcrumb":{"@id":"https:\/\/partidochega.pt\/index.php\/2026\/09\/03\/mocao-de-censura-do-chega-discutida-no-proximo-dia-8-de-setembro\/#breadcrumb"},"inLanguage":"pt-PT","potentialAction":[{"@type":"ReadAction","target":["https:\/\/partidochega.pt\/index.php\/2026\/09\/03\/mocao-de-censura-do-chega-discutida-no-proximo-dia-8-de-setembro\/"]}]},{"@type":"BreadcrumbList","@id":"https:\/\/partidochega.pt\/index.php\/2026\/09\/03\/mocao-de-censura-do-chega-discutida-no-proximo-dia-8-de-setembro\/#breadcrumb","itemListElement":[{"@type":"ListItem","position":1,"name":"In\u00edcio","item":"https:\/\/partidochega.pt\/"},{"@type":"ListItem","position":2,"name":"Mo\u00e7\u00e3o de censura do CHEGA discutida no pr\u00f3ximo dia 8 de setembro"}]},{"@type":"WebSite","@id":"https:\/\/partidochega.pt\/#website","url":"https:\/\/partidochega.pt\/","name":"CHEGA","description":"Partido Pol\u00edtico","publisher":{"@id":"https:\/\/partidochega.pt\/#organization"},"potentialAction":[{"@type":"SearchAction","target":{"@type":"EntryPoint","urlTemplate":"https:\/\/partidochega.pt\/?s={search_term_string}"},"query-input":"required name=search_term_string"}],"inLanguage":"pt-PT"},{"@type":"Organization","@id":"https:\/\/partidochega.pt\/#organization","name":"Partido CHEGA","url":"https:\/\/partidochega.pt\/","logo":{"@type":"ImageObject","inLanguage":"pt-PT","@id":"https:\/\/partidochega.pt\/#\/schema\/logo\/image\/","url":"https:\/\/partidochega.pt\/wp-content\/uploads\/2022\/05\/cropped-logo_chega.png","contentUrl":"https:\/\/partidochega.pt\/wp-content\/uploads\/2022\/05\/cropped-logo_chega.png","width":512,"height":512,"caption":"Partido CHEGA"},"image":{"@id":"https:\/\/partidochega.pt\/#\/schema\/logo\/image\/"},"sameAs":["https:\/\/www.facebook.com\/PartidoChegaOficial\/","https:\/\/twitter.com\/PartidoCHEGA","https:\/\/www.youtube.com\/c\/CHEGATV","https:\/\/www.instagram.com\/partidochega\/","https:\/\/t.me\/PartidoCHEGA"]},{"@type":"Person","@id":"https:\/\/partidochega.pt\/#\/schema\/person\/6d71d9993ec0d15ee5fd693553d8868f","name":"Tome","image":{"@type":"ImageObject","inLanguage":"pt-PT","@id":"https:\/\/partidochega.pt\/#\/schema\/person\/image\/","url":"https:\/\/secure.gravatar.com\/avatar\/c1b5c868d06e723eb2b9b8b1c297dfb462d1035c7210315425bae370aa3bcc1a?s=96&d=mm&r=g","contentUrl":"https:\/\/secure.gravatar.com\/avatar\/c1b5c868d06e723eb2b9b8b1c297dfb462d1035c7210315425bae370aa3bcc1a?s=96&d=mm&r=g","caption":"Tome"}}]}},"_links":{"self":[{"href":"https:\/\/partidochega.pt\/index.php\/wp-json\/wp\/v2\/posts\/15976","targetHints":{"allow":["GET"]}}],"collection":[{"href":"https:\/\/partidochega.pt\/index.php\/wp-json\/wp\/v2\/posts"}],"about":[{"href":"https:\/\/partidochega.pt\/index.php\/wp-json\/wp\/v2\/types\/post"}],"author":[{"embeddable":true,"href":"https:\/\/partidochega.pt\/index.php\/wp-json\/wp\/v2\/users\/3"}],"replies":[{"embeddable":true,"href":"https:\/\/partidochega.pt\/index.php\/wp-json\/wp\/v2\/comments?post=15976"}],"version-history":[{"count":1,"href":"https:\/\/partidochega.pt\/index.php\/wp-json\/wp\/v2\/posts\/15976\/revisions"}],"predecessor-version":[{"id":15978,"href":"https:\/\/partidochega.pt\/index.php\/wp-json\/wp\/v2\/posts\/15976\/revisions\/15978"}],"wp:featuredmedia":[{"embeddable":true,"href":"https:\/\/partidochega.pt\/index.php\/wp-json\/wp\/v2\/media\/15977"}],"wp:attachment":[{"href":"https:\/\/partidochega.pt\/index.php\/wp-json\/wp\/v2\/media?parent=15976"}],"wp:term":[{"taxonomy":"category","embeddable":true,"href":"https:\/\/partidochega.pt\/index.php\/wp-json\/wp\/v2\/categories?post=15976"},{"taxonomy":"post_tag","embeddable":true,"href":"https:\/\/partidochega.pt\/index.php\/wp-json\/wp\/v2\/tags?post=15976"}],"curies":[{"name":"wp","href":"https:\/\/api.w.org\/{rel}","templated":true}]}}