{"id":16009,"date":"2026-09-04T13:28:42","date_gmt":"2026-09-04T12:28:42","guid":{"rendered":"https:\/\/partidochega.pt\/?p=16009"},"modified":"2026-09-05T13:30:34","modified_gmt":"2026-09-05T12:30:34","slug":"iii-reuniao-da-comissao-politica-distrital-de-coimbra-2","status":"publish","type":"post","link":"https:\/\/partidochega.pt\/index.php\/2026\/09\/04\/iii-reuniao-da-comissao-politica-distrital-de-coimbra-2\/","title":{"rendered":"III Reuni\u00e3o da Comiss\u00e3o Pol\u00edtica Distrital de Coimbra"},"content":{"rendered":"<p>A III Reuni\u00e3o da Comiss\u00e3o Pol\u00edtica Distrital de Coimbra, realizada a 3 de setembro de 2026, consolidou-se como um momento central de reflex\u00e3o e estrat\u00e9gia.<br \/>\nEsta reuni\u00e3o teve no passado, no presente e no futuro as suas grandes linhas orientadoras, reafirmando o compromisso da estrutura para com o trabalho pol\u00edtico a executar no Distrito de Coimbra.<br \/>\nO foco principal esteve na an\u00e1lise do percurso efetuado ao longo do \u00faltimo ano e no planeamento do trabalho que se perspetiva. Em debate estiveram a constitui\u00e7\u00e3o e fortalecimento das estruturas concelhias, o balan\u00e7o das reuni\u00f5es j\u00e1 concretizadas e a defini\u00e7\u00e3o do calend\u00e1rio das pr\u00f3ximas iniciativas no distrito.<br \/>\nA reuni\u00e3o ficou tamb\u00e9m marcada pela decis\u00e3o de enviar um agradecimento formal \u00e0 IPSS recentemente visitada pelo Dr. Andr\u00e9 Ventura, reconhecendo a disponibilidade e o acolhimento demonstrados. Focada no presente e a desenhar o futuro, a Comiss\u00e3o Pol\u00edtica Distrital de Coimbra promete novidades para breve, onde a Juventude ir\u00e1 ter um grande protagonismo.<\/p>\n","protected":false},"excerpt":{"rendered":"<p>A III Reuni\u00e3o da Comiss\u00e3o Pol\u00edtica Distrital de Coimbra, realizada a 3 de setembro de 2026, consolidou-se como um momento central de reflex\u00e3o e estrat\u00e9gia. Esta reuni\u00e3o teve no passado, no presente e no futuro as suas grandes linhas orientadoras, reafirmando o compromisso da estrutura para com o trabalho pol\u00edtico a executar no Distrito de &hellip; <\/p>\n<p class=\"link-more\"><a href=\"https:\/\/partidochega.pt\/index.php\/2026\/09\/04\/iii-reuniao-da-comissao-politica-distrital-de-coimbra-2\/\" class=\"more-link\">Continuar a ler <span class=\"screen-reader-text\">&#8220;III Reuni\u00e3o da Comiss\u00e3o Pol\u00edtica Distrital de Coimbra&#8221;<\/span><\/a><\/p>\n","protected":false},"author":3,"featured_media":16010,"comment_status":"closed","ping_status":"open","sticky":false,"template":"","format":"standard","meta":{"footnotes":""},"categories":[28],"tags":[],"class_list":["post-16009","post","type-post","status-publish","format-standard","has-post-thumbnail","hentry","category-distrital-de-coimbra"],"yoast_head":"<!-- This site is optimized with the Yoast SEO plugin v21.5 - https:\/\/yoast.com\/wordpress\/plugins\/seo\/ -->\n<title>III Reuni\u00e3o da Comiss\u00e3o Pol\u00edtica Distrital de Coimbra - CHEGA<\/title>\n<meta name=\"robots\" content=\"index, follow, max-snippet:-1, max-image-preview:large, max-video-preview:-1\" \/>\n<link rel=\"canonical\" href=\"https:\/\/partidochega.pt\/index.php\/2026\/09\/04\/iii-reuniao-da-comissao-politica-distrital-de-coimbra-2\/\" \/>\n<meta property=\"og:locale\" content=\"pt_PT\" \/>\n<meta property=\"og:type\" content=\"article\" \/>\n<meta property=\"og:title\" content=\"III Reuni\u00e3o da Comiss\u00e3o Pol\u00edtica Distrital de Coimbra - CHEGA\" \/>\n<meta property=\"og:description\" content=\"A III Reuni\u00e3o da Comiss\u00e3o Pol\u00edtica Distrital de Coimbra, realizada a 3 de setembro de 2026, consolidou-se como um momento central de reflex\u00e3o e estrat\u00e9gia. Esta reuni\u00e3o teve no passado, no presente e no futuro as suas grandes linhas orientadoras, reafirmando o compromisso da estrutura para com o trabalho pol\u00edtico a executar no Distrito de &hellip; Continuar a ler &quot;III Reuni\u00e3o da Comiss\u00e3o Pol\u00edtica Distrital de Coimbra&quot;\" \/>\n<meta property=\"og:url\" content=\"https:\/\/partidochega.pt\/index.php\/2026\/09\/04\/iii-reuniao-da-comissao-politica-distrital-de-coimbra-2\/\" \/>\n<meta property=\"og:site_name\" content=\"CHEGA\" \/>\n<meta property=\"article:publisher\" content=\"https:\/\/www.facebook.com\/PartidoChegaOficial\/\" \/>\n<meta property=\"article:published_time\" content=\"2026-09-04T12:28:42+00:00\" \/>\n<meta property=\"article:modified_time\" content=\"2026-09-05T12:30:34+00:00\" \/>\n<meta property=\"og:image\" content=\"https:\/\/partidochega.pt\/wp-content\/uploads\/2026\/09\/WhatsApp-Image-2026-09-04-at-11.10.31.jpeg\" \/>\n\t<meta property=\"og:image:width\" content=\"1600\" \/>\n\t<meta property=\"og:image:height\" content=\"688\" \/>\n\t<meta property=\"og:image:type\" content=\"image\/jpeg\" \/>\n<meta name=\"author\" content=\"Tome\" \/>\n<meta name=\"twitter:card\" content=\"summary_large_image\" \/>\n<meta name=\"twitter:creator\" content=\"@PartidoCHEGA\" \/>\n<meta name=\"twitter:site\" content=\"@PartidoCHEGA\" \/>\n<meta name=\"twitter:label1\" content=\"Escrito por\" \/>\n\t<meta name=\"twitter:data1\" content=\"Tome\" \/>\n\t<meta name=\"twitter:label2\" content=\"Tempo estimado de leitura\" \/>\n\t<meta name=\"twitter:data2\" content=\"1 minuto\" \/>\n<script type=\"application\/ld+json\" class=\"yoast-schema-graph\">{\"@context\":\"https:\/\/schema.org\",\"@graph\":[{\"@type\":\"Article\",\"@id\":\"https:\/\/partidochega.pt\/index.php\/2026\/09\/04\/iii-reuniao-da-comissao-politica-distrital-de-coimbra-2\/#article\",\"isPartOf\":{\"@id\":\"https:\/\/partidochega.pt\/index.php\/2026\/09\/04\/iii-reuniao-da-comissao-politica-distrital-de-coimbra-2\/\"},\"author\":{\"name\":\"Tome\",\"@id\":\"https:\/\/partidochega.pt\/#\/schema\/person\/6d71d9993ec0d15ee5fd693553d8868f\"},\"headline\":\"III Reuni\u00e3o da Comiss\u00e3o Pol\u00edtica Distrital de Coimbra\",\"datePublished\":\"2026-09-04T12:28:42+00:00\",\"dateModified\":\"2026-09-05T12:30:34+00:00\",\"mainEntityOfPage\":{\"@id\":\"https:\/\/partidochega.pt\/index.php\/2026\/09\/04\/iii-reuniao-da-comissao-politica-distrital-de-coimbra-2\/\"},\"wordCount\":184,\"publisher\":{\"@id\":\"https:\/\/partidochega.pt\/#organization\"},\"articleSection\":[\"Distrital de Coimbra\"],\"inLanguage\":\"pt-PT\"},{\"@type\":\"WebPage\",\"@id\":\"https:\/\/partidochega.pt\/index.php\/2026\/09\/04\/iii-reuniao-da-comissao-politica-distrital-de-coimbra-2\/\",\"url\":\"https:\/\/partidochega.pt\/index.php\/2026\/09\/04\/iii-reuniao-da-comissao-politica-distrital-de-coimbra-2\/\",\"name\":\"III Reuni\u00e3o da Comiss\u00e3o Pol\u00edtica Distrital de Coimbra - CHEGA\",\"isPartOf\":{\"@id\":\"https:\/\/partidochega.pt\/#website\"},\"datePublished\":\"2026-09-04T12:28:42+00:00\",\"dateModified\":\"2026-09-05T12:30:34+00:00\",\"breadcrumb\":{\"@id\":\"https:\/\/partidochega.pt\/index.php\/2026\/09\/04\/iii-reuniao-da-comissao-politica-distrital-de-coimbra-2\/#breadcrumb\"},\"inLanguage\":\"pt-PT\",\"potentialAction\":[{\"@type\":\"ReadAction\",\"target\":[\"https:\/\/partidochega.pt\/index.php\/2026\/09\/04\/iii-reuniao-da-comissao-politica-distrital-de-coimbra-2\/\"]}]},{\"@type\":\"BreadcrumbList\",\"@id\":\"https:\/\/partidochega.pt\/index.php\/2026\/09\/04\/iii-reuniao-da-comissao-politica-distrital-de-coimbra-2\/#breadcrumb\",\"itemListElement\":[{\"@type\":\"ListItem\",\"position\":1,\"name\":\"In\u00edcio\",\"item\":\"https:\/\/partidochega.pt\/\"},{\"@type\":\"ListItem\",\"position\":2,\"name\":\"III Reuni\u00e3o da Comiss\u00e3o Pol\u00edtica Distrital de Coimbra\"}]},{\"@type\":\"WebSite\",\"@id\":\"https:\/\/partidochega.pt\/#website\",\"url\":\"https:\/\/partidochega.pt\/\",\"name\":\"CHEGA\",\"description\":\"Partido Pol\u00edtico\",\"publisher\":{\"@id\":\"https:\/\/partidochega.pt\/#organization\"},\"potentialAction\":[{\"@type\":\"SearchAction\",\"target\":{\"@type\":\"EntryPoint\",\"urlTemplate\":\"https:\/\/partidochega.pt\/?s={search_term_string}\"},\"query-input\":\"required name=search_term_string\"}],\"inLanguage\":\"pt-PT\"},{\"@type\":\"Organization\",\"@id\":\"https:\/\/partidochega.pt\/#organization\",\"name\":\"Partido CHEGA\",\"url\":\"https:\/\/partidochega.pt\/\",\"logo\":{\"@type\":\"ImageObject\",\"inLanguage\":\"pt-PT\",\"@id\":\"https:\/\/partidochega.pt\/#\/schema\/logo\/image\/\",\"url\":\"https:\/\/partidochega.pt\/wp-content\/uploads\/2022\/05\/cropped-logo_chega.png\",\"contentUrl\":\"https:\/\/partidochega.pt\/wp-content\/uploads\/2022\/05\/cropped-logo_chega.png\",\"width\":512,\"height\":512,\"caption\":\"Partido CHEGA\"},\"image\":{\"@id\":\"https:\/\/partidochega.pt\/#\/schema\/logo\/image\/\"},\"sameAs\":[\"https:\/\/www.facebook.com\/PartidoChegaOficial\/\",\"https:\/\/twitter.com\/PartidoCHEGA\",\"https:\/\/www.youtube.com\/c\/CHEGATV\",\"https:\/\/www.instagram.com\/partidochega\/\",\"https:\/\/t.me\/PartidoCHEGA\"]},{\"@type\":\"Person\",\"@id\":\"https:\/\/partidochega.pt\/#\/schema\/person\/6d71d9993ec0d15ee5fd693553d8868f\",\"name\":\"Tome\",\"image\":{\"@type\":\"ImageObject\",\"inLanguage\":\"pt-PT\",\"@id\":\"https:\/\/partidochega.pt\/#\/schema\/person\/image\/\",\"url\":\"https:\/\/secure.gravatar.com\/avatar\/c1b5c868d06e723eb2b9b8b1c297dfb462d1035c7210315425bae370aa3bcc1a?s=96&d=mm&r=g\",\"contentUrl\":\"https:\/\/secure.gravatar.com\/avatar\/c1b5c868d06e723eb2b9b8b1c297dfb462d1035c7210315425bae370aa3bcc1a?s=96&d=mm&r=g\",\"caption\":\"Tome\"}}]}<\/script>\n<!-- \/ Yoast SEO plugin. -->","yoast_head_json":{"title":"III Reuni\u00e3o da Comiss\u00e3o Pol\u00edtica Distrital de Coimbra - CHEGA","robots":{"index":"index","follow":"follow","max-snippet":"max-snippet:-1","max-image-preview":"max-image-preview:large","max-video-preview":"max-video-preview:-1"},"canonical":"https:\/\/partidochega.pt\/index.php\/2026\/09\/04\/iii-reuniao-da-comissao-politica-distrital-de-coimbra-2\/","og_locale":"pt_PT","og_type":"article","og_title":"III Reuni\u00e3o da Comiss\u00e3o Pol\u00edtica Distrital de Coimbra - CHEGA","og_description":"A III Reuni\u00e3o da Comiss\u00e3o Pol\u00edtica Distrital de Coimbra, realizada a 3 de setembro de 2026, consolidou-se como um momento central de reflex\u00e3o e estrat\u00e9gia. Esta reuni\u00e3o teve no passado, no presente e no futuro as suas grandes linhas orientadoras, reafirmando o compromisso da estrutura para com o trabalho pol\u00edtico a executar no Distrito de &hellip; Continuar a ler \"III Reuni\u00e3o da Comiss\u00e3o Pol\u00edtica Distrital de Coimbra\"","og_url":"https:\/\/partidochega.pt\/index.php\/2026\/09\/04\/iii-reuniao-da-comissao-politica-distrital-de-coimbra-2\/","og_site_name":"CHEGA","article_publisher":"https:\/\/www.facebook.com\/PartidoChegaOficial\/","article_published_time":"2026-09-04T12:28:42+00:00","article_modified_time":"2026-09-05T12:30:34+00:00","og_image":[{"width":1600,"height":688,"url":"https:\/\/partidochega.pt\/wp-content\/uploads\/2026\/09\/WhatsApp-Image-2026-09-04-at-11.10.31.jpeg","type":"image\/jpeg"}],"author":"Tome","twitter_card":"summary_large_image","twitter_creator":"@PartidoCHEGA","twitter_site":"@PartidoCHEGA","twitter_misc":{"Escrito por":"Tome","Tempo estimado de leitura":"1 minuto"},"schema":{"@context":"https:\/\/schema.org","@graph":[{"@type":"Article","@id":"https:\/\/partidochega.pt\/index.php\/2026\/09\/04\/iii-reuniao-da-comissao-politica-distrital-de-coimbra-2\/#article","isPartOf":{"@id":"https:\/\/partidochega.pt\/index.php\/2026\/09\/04\/iii-reuniao-da-comissao-politica-distrital-de-coimbra-2\/"},"author":{"name":"Tome","@id":"https:\/\/partidochega.pt\/#\/schema\/person\/6d71d9993ec0d15ee5fd693553d8868f"},"headline":"III Reuni\u00e3o da Comiss\u00e3o Pol\u00edtica Distrital de Coimbra","datePublished":"2026-09-04T12:28:42+00:00","dateModified":"2026-09-05T12:30:34+00:00","mainEntityOfPage":{"@id":"https:\/\/partidochega.pt\/index.php\/2026\/09\/04\/iii-reuniao-da-comissao-politica-distrital-de-coimbra-2\/"},"wordCount":184,"publisher":{"@id":"https:\/\/partidochega.pt\/#organization"},"articleSection":["Distrital de Coimbra"],"inLanguage":"pt-PT"},{"@type":"WebPage","@id":"https:\/\/partidochega.pt\/index.php\/2026\/09\/04\/iii-reuniao-da-comissao-politica-distrital-de-coimbra-2\/","url":"https:\/\/partidochega.pt\/index.php\/2026\/09\/04\/iii-reuniao-da-comissao-politica-distrital-de-coimbra-2\/","name":"III Reuni\u00e3o da Comiss\u00e3o Pol\u00edtica Distrital de Coimbra - CHEGA","isPartOf":{"@id":"https:\/\/partidochega.pt\/#website"},"datePublished":"2026-09-04T12:28:42+00:00","dateModified":"2026-09-05T12:30:34+00:00","breadcrumb":{"@id":"https:\/\/partidochega.pt\/index.php\/2026\/09\/04\/iii-reuniao-da-comissao-politica-distrital-de-coimbra-2\/#breadcrumb"},"inLanguage":"pt-PT","potentialAction":[{"@type":"ReadAction","target":["https:\/\/partidochega.pt\/index.php\/2026\/09\/04\/iii-reuniao-da-comissao-politica-distrital-de-coimbra-2\/"]}]},{"@type":"BreadcrumbList","@id":"https:\/\/partidochega.pt\/index.php\/2026\/09\/04\/iii-reuniao-da-comissao-politica-distrital-de-coimbra-2\/#breadcrumb","itemListElement":[{"@type":"ListItem","position":1,"name":"In\u00edcio","item":"https:\/\/partidochega.pt\/"},{"@type":"ListItem","position":2,"name":"III Reuni\u00e3o da Comiss\u00e3o Pol\u00edtica Distrital de Coimbra"}]},{"@type":"WebSite","@id":"https:\/\/partidochega.pt\/#website","url":"https:\/\/partidochega.pt\/","name":"CHEGA","description":"Partido Pol\u00edtico","publisher":{"@id":"https:\/\/partidochega.pt\/#organization"},"potentialAction":[{"@type":"SearchAction","target":{"@type":"EntryPoint","urlTemplate":"https:\/\/partidochega.pt\/?s={search_term_string}"},"query-input":"required name=search_term_string"}],"inLanguage":"pt-PT"},{"@type":"Organization","@id":"https:\/\/partidochega.pt\/#organization","name":"Partido CHEGA","url":"https:\/\/partidochega.pt\/","logo":{"@type":"ImageObject","inLanguage":"pt-PT","@id":"https:\/\/partidochega.pt\/#\/schema\/logo\/image\/","url":"https:\/\/partidochega.pt\/wp-content\/uploads\/2022\/05\/cropped-logo_chega.png","contentUrl":"https:\/\/partidochega.pt\/wp-content\/uploads\/2022\/05\/cropped-logo_chega.png","width":512,"height":512,"caption":"Partido CHEGA"},"image":{"@id":"https:\/\/partidochega.pt\/#\/schema\/logo\/image\/"},"sameAs":["https:\/\/www.facebook.com\/PartidoChegaOficial\/","https:\/\/twitter.com\/PartidoCHEGA","https:\/\/www.youtube.com\/c\/CHEGATV","https:\/\/www.instagram.com\/partidochega\/","https:\/\/t.me\/PartidoCHEGA"]},{"@type":"Person","@id":"https:\/\/partidochega.pt\/#\/schema\/person\/6d71d9993ec0d15ee5fd693553d8868f","name":"Tome","image":{"@type":"ImageObject","inLanguage":"pt-PT","@id":"https:\/\/partidochega.pt\/#\/schema\/person\/image\/","url":"https:\/\/secure.gravatar.com\/avatar\/c1b5c868d06e723eb2b9b8b1c297dfb462d1035c7210315425bae370aa3bcc1a?s=96&d=mm&r=g","contentUrl":"https:\/\/secure.gravatar.com\/avatar\/c1b5c868d06e723eb2b9b8b1c297dfb462d1035c7210315425bae370aa3bcc1a?s=96&d=mm&r=g","caption":"Tome"}}]}},"_links":{"self":[{"href":"https:\/\/partidochega.pt\/index.php\/wp-json\/wp\/v2\/posts\/16009","targetHints":{"allow":["GET"]}}],"collection":[{"href":"https:\/\/partidochega.pt\/index.php\/wp-json\/wp\/v2\/posts"}],"about":[{"href":"https:\/\/partidochega.pt\/index.php\/wp-json\/wp\/v2\/types\/post"}],"author":[{"embeddable":true,"href":"https:\/\/partidochega.pt\/index.php\/wp-json\/wp\/v2\/users\/3"}],"replies":[{"embeddable":true,"href":"https:\/\/partidochega.pt\/index.php\/wp-json\/wp\/v2\/comments?post=16009"}],"version-history":[{"count":1,"href":"https:\/\/partidochega.pt\/index.php\/wp-json\/wp\/v2\/posts\/16009\/revisions"}],"predecessor-version":[{"id":16011,"href":"https:\/\/partidochega.pt\/index.php\/wp-json\/wp\/v2\/posts\/16009\/revisions\/16011"}],"wp:featuredmedia":[{"embeddable":true,"href":"https:\/\/partidochega.pt\/index.php\/wp-json\/wp\/v2\/media\/16010"}],"wp:attachment":[{"href":"https:\/\/partidochega.pt\/index.php\/wp-json\/wp\/v2\/media?parent=16009"}],"wp:term":[{"taxonomy":"category","embeddable":true,"href":"https:\/\/partidochega.pt\/index.php\/wp-json\/wp\/v2\/categories?post=16009"},{"taxonomy":"post_tag","embeddable":true,"href":"https:\/\/partidochega.pt\/index.php\/wp-json\/wp\/v2\/tags?post=16009"}],"curies":[{"name":"wp","href":"https:\/\/api.w.org\/{rel}","templated":true}]}}